{"id":6684,"date":"2016-05-21T23:11:36","date_gmt":"2016-05-21T22:11:36","guid":{"rendered":"https:\/\/www.afa-arbitrage.com\/es\/?p=6684"},"modified":"2016-05-21T23:11:36","modified_gmt":"2016-05-21T22:11:36","slug":"taller-de-practica-arbitral-comite-francais-de-larbitrage","status":"publish","type":"post","link":"https:\/\/www.afa-arbitrage.com\/es\/taller-de-practica-arbitral-comite-francais-de-larbitrage\/","title":{"rendered":"> Taller de pr\u00e1ctica arbitral"},"content":{"rendered":"<p style=\"text-align: justify; line-height: 150%;\">El Taller pr\u00f3ximo de pr\u00e1ctica arbitral del <a title=\"Taller de pr\u00e1ctica arbitral del Comit\u00e9 Franc\u00e9s del Arbitraje\" href=\"http:\/\/www.cfa-arbitrage.com\/index.php?option=com_content&amp;view=article&amp;id=183:la-force-obligatoire-du-reglement-darbitrage&amp;catid=40:actualites\" target=\"_blank\">Comit\u00e9 Franc\u00e9s del Arbitraje<\/a> tendr\u00e1 lugar el <strong>30 de <strong>junio<\/strong> de 2016<\/strong> al Maison du Barreau en Par\u00eds sobre el tema <strong>\u00abEl procedimiento de arbitraje y los terceros\u00bb<\/strong>.<\/p>\n<p>Inscripci\u00f3n obligatoria por e-mail : <a href=\"mailto:secretariat@cfa-arbitrage.com\" target=\"_blank\">secretariat@cfa-arbitrage.com<\/a><\/p>\n","protected":false},"excerpt":{"rendered":"<p>El Taller pr\u00f3ximo de pr\u00e1ctica arbitral del Comit\u00e9 Franc\u00e9s del Arbitraje tendr\u00e1 lugar el 30 de junio de 2016 al Maison du Barreau en Par\u00eds sobre el tema \u00abEl procedimiento de arbitraje y los terceros\u00bb. Inscripci\u00f3n obligatoria por e-mail : secretariat@cfa-arbitrage.com<\/p>\n","protected":false},"author":6,"featured_media":0,"comment_status":"open","ping_status":"open","sticky":false,"template":"","format":"standard","meta":{"_cbd_carousel_blocks":"[]","footnotes":""},"categories":[23],"tags":[],"class_list":["post-6684","post","type-post","status-publish","format-standard","hentry","category-noticias","entry"],"yoast_head":"<!-- This site is optimized with the Yoast SEO plugin v27.3 - https:\/\/yoast.com\/product\/yoast-seo-wordpress\/ -->\n<title>&gt; Taller de pr\u00e1ctica arbitral - Association Fran\u00e7aise d&#039;Arbitrage<\/title>\n<meta name=\"robots\" content=\"index, follow, max-snippet:-1, max-image-preview:large, max-video-preview:-1\" \/>\n<link rel=\"canonical\" href=\"https:\/\/www.afa-arbitrage.com\/es\/taller-de-practica-arbitral-comite-francais-de-larbitrage\/\" \/>\n<meta property=\"og:locale\" content=\"es_ES\" \/>\n<meta property=\"og:type\" content=\"article\" \/>\n<meta property=\"og:title\" content=\"&gt; Taller de pr\u00e1ctica arbitral - Association Fran\u00e7aise d&#039;Arbitrage\" \/>\n<meta property=\"og:description\" content=\"El Taller pr\u00f3ximo de pr\u00e1ctica arbitral del Comit\u00e9 Franc\u00e9s del Arbitraje tendr\u00e1 lugar el 30 de junio de 2016 al Maison du Barreau en Par\u00eds sobre el tema \u00abEl procedimiento de arbitraje y los terceros\u00bb. Inscripci\u00f3n obligatoria por e-mail : secretariat@cfa-arbitrage.com\" \/>\n<meta property=\"og:url\" content=\"https:\/\/www.afa-arbitrage.com\/es\/taller-de-practica-arbitral-comite-francais-de-larbitrage\/\" \/>\n<meta property=\"og:site_name\" content=\"Association Fran\u00e7aise d&#039;Arbitrage\" \/>\n<meta property=\"article:published_time\" content=\"2016-05-21T22:11:36+00:00\" \/>\n<meta name=\"author\" content=\"Sophie Chevron\" \/>\n<meta name=\"twitter:card\" content=\"summary_large_image\" \/>\n<meta name=\"twitter:label1\" content=\"Escrito por\" \/>\n\t<meta name=\"twitter:data1\" content=\"Sophie Chevron\" \/>\n<script type=\"application\/ld+json\" class=\"yoast-schema-graph\">{\"@context\":\"https:\\\/\\\/schema.org\",\"@graph\":[{\"@type\":\"Article\",\"@id\":\"https:\\\/\\\/www.afa-arbitrage.com\\\/es\\\/taller-de-practica-arbitral-comite-francais-de-larbitrage\\\/#article\",\"isPartOf\":{\"@id\":\"https:\\\/\\\/www.afa-arbitrage.com\\\/es\\\/taller-de-practica-arbitral-comite-francais-de-larbitrage\\\/\"},\"author\":{\"name\":\"Sophie Chevron\",\"@id\":\"https:\\\/\\\/www.afa-arbitrage.com\\\/#\\\/schema\\\/person\\\/3d2970a9310ed8a4490a09ac041a3263\"},\"headline\":\"> Taller de pr\u00e1ctica arbitral\",\"datePublished\":\"2016-05-21T22:11:36+00:00\",\"mainEntityOfPage\":{\"@id\":\"https:\\\/\\\/www.afa-arbitrage.com\\\/es\\\/taller-de-practica-arbitral-comite-francais-de-larbitrage\\\/\"},\"wordCount\":50,\"commentCount\":0,\"publisher\":{\"@id\":\"https:\\\/\\\/www.afa-arbitrage.com\\\/#organization\"},\"articleSection\":[\"Noticias\"],\"inLanguage\":\"es\",\"potentialAction\":[{\"@type\":\"CommentAction\",\"name\":\"Comment\",\"target\":[\"https:\\\/\\\/www.afa-arbitrage.com\\\/es\\\/taller-de-practica-arbitral-comite-francais-de-larbitrage\\\/#respond\"]}]},{\"@type\":\"WebPage\",\"@id\":\"https:\\\/\\\/www.afa-arbitrage.com\\\/es\\\/taller-de-practica-arbitral-comite-francais-de-larbitrage\\\/\",\"url\":\"https:\\\/\\\/www.afa-arbitrage.com\\\/es\\\/taller-de-practica-arbitral-comite-francais-de-larbitrage\\\/\",\"name\":\"> Taller de pr\u00e1ctica arbitral - Association Fran\u00e7aise d&#039;Arbitrage\",\"isPartOf\":{\"@id\":\"https:\\\/\\\/www.afa-arbitrage.com\\\/#website\"},\"datePublished\":\"2016-05-21T22:11:36+00:00\",\"breadcrumb\":{\"@id\":\"https:\\\/\\\/www.afa-arbitrage.com\\\/es\\\/taller-de-practica-arbitral-comite-francais-de-larbitrage\\\/#breadcrumb\"},\"inLanguage\":\"es\",\"potentialAction\":[{\"@type\":\"ReadAction\",\"target\":[\"https:\\\/\\\/www.afa-arbitrage.com\\\/es\\\/taller-de-practica-arbitral-comite-francais-de-larbitrage\\\/\"]}]},{\"@type\":\"BreadcrumbList\",\"@id\":\"https:\\\/\\\/www.afa-arbitrage.com\\\/es\\\/taller-de-practica-arbitral-comite-francais-de-larbitrage\\\/#breadcrumb\",\"itemListElement\":[{\"@type\":\"ListItem\",\"position\":1,\"name\":\"Bienvenida\",\"item\":\"\\\/es\"},{\"@type\":\"ListItem\",\"position\":2,\"name\":\"> Taller de pr\u00e1ctica arbitral\"}]},{\"@type\":\"WebSite\",\"@id\":\"https:\\\/\\\/www.afa-arbitrage.com\\\/#website\",\"url\":\"https:\\\/\\\/www.afa-arbitrage.com\\\/\",\"name\":\"Association Fran\u00e7aise d'Arbitrage\",\"description\":\"Arbitrage interne et international\",\"publisher\":{\"@id\":\"https:\\\/\\\/www.afa-arbitrage.com\\\/#organization\"},\"potentialAction\":[{\"@type\":\"SearchAction\",\"target\":{\"@type\":\"EntryPoint\",\"urlTemplate\":\"https:\\\/\\\/www.afa-arbitrage.com\\\/?s={search_term_string}\"},\"query-input\":{\"@type\":\"PropertyValueSpecification\",\"valueRequired\":true,\"valueName\":\"search_term_string\"}}],\"inLanguage\":\"es\"},{\"@type\":\"Organization\",\"@id\":\"https:\\\/\\\/www.afa-arbitrage.com\\\/#organization\",\"name\":\"Association Fran\u00e7aise d'Arbitrage\",\"url\":\"https:\\\/\\\/www.afa-arbitrage.com\\\/\",\"logo\":{\"@type\":\"ImageObject\",\"inLanguage\":\"es\",\"@id\":\"https:\\\/\\\/www.afa-arbitrage.com\\\/#\\\/schema\\\/logo\\\/image\\\/\",\"url\":\"https:\\\/\\\/www.afa-arbitrage.com\\\/wp-content\\\/uploads\\\/2023\\\/02\\\/AFA_logo_header_clear_long.png\",\"contentUrl\":\"https:\\\/\\\/www.afa-arbitrage.com\\\/wp-content\\\/uploads\\\/2023\\\/02\\\/AFA_logo_header_clear_long.png\",\"width\":500,\"height\":60,\"caption\":\"Association Fran\u00e7aise d'Arbitrage\"},\"image\":{\"@id\":\"https:\\\/\\\/www.afa-arbitrage.com\\\/#\\\/schema\\\/logo\\\/image\\\/\"}},{\"@type\":\"Person\",\"@id\":\"https:\\\/\\\/www.afa-arbitrage.com\\\/#\\\/schema\\\/person\\\/3d2970a9310ed8a4490a09ac041a3263\",\"name\":\"Sophie Chevron\",\"image\":{\"@type\":\"ImageObject\",\"inLanguage\":\"es\",\"@id\":\"https:\\\/\\\/secure.gravatar.com\\\/avatar\\\/9755f7353d9eefe1c717312669a47803b0463086d675bcd185a184effe042e88?s=96&d=mm&r=g\",\"url\":\"https:\\\/\\\/secure.gravatar.com\\\/avatar\\\/9755f7353d9eefe1c717312669a47803b0463086d675bcd185a184effe042e88?s=96&d=mm&r=g\",\"contentUrl\":\"https:\\\/\\\/secure.gravatar.com\\\/avatar\\\/9755f7353d9eefe1c717312669a47803b0463086d675bcd185a184effe042e88?s=96&d=mm&r=g\",\"caption\":\"Sophie Chevron\"},\"url\":\"https:\\\/\\\/www.afa-arbitrage.com\\\/es\\\/author\\\/s-chevron\\\/\"}]}<\/script>\n<!-- \/ Yoast SEO plugin. -->","yoast_head_json":{"title":"> Taller de pr\u00e1ctica arbitral - Association Fran\u00e7aise d&#039;Arbitrage","robots":{"index":"index","follow":"follow","max-snippet":"max-snippet:-1","max-image-preview":"max-image-preview:large","max-video-preview":"max-video-preview:-1"},"canonical":"https:\/\/www.afa-arbitrage.com\/es\/taller-de-practica-arbitral-comite-francais-de-larbitrage\/","og_locale":"es_ES","og_type":"article","og_title":"> Taller de pr\u00e1ctica arbitral - Association Fran\u00e7aise d&#039;Arbitrage","og_description":"El Taller pr\u00f3ximo de pr\u00e1ctica arbitral del Comit\u00e9 Franc\u00e9s del Arbitraje tendr\u00e1 lugar el 30 de junio de 2016 al Maison du Barreau en Par\u00eds sobre el tema \u00abEl procedimiento de arbitraje y los terceros\u00bb. Inscripci\u00f3n obligatoria por e-mail : secretariat@cfa-arbitrage.com","og_url":"https:\/\/www.afa-arbitrage.com\/es\/taller-de-practica-arbitral-comite-francais-de-larbitrage\/","og_site_name":"Association Fran\u00e7aise d&#039;Arbitrage","article_published_time":"2016-05-21T22:11:36+00:00","author":"Sophie Chevron","twitter_card":"summary_large_image","twitter_misc":{"Escrito por":"Sophie Chevron"},"schema":{"@context":"https:\/\/schema.org","@graph":[{"@type":"Article","@id":"https:\/\/www.afa-arbitrage.com\/es\/taller-de-practica-arbitral-comite-francais-de-larbitrage\/#article","isPartOf":{"@id":"https:\/\/www.afa-arbitrage.com\/es\/taller-de-practica-arbitral-comite-francais-de-larbitrage\/"},"author":{"name":"Sophie Chevron","@id":"https:\/\/www.afa-arbitrage.com\/#\/schema\/person\/3d2970a9310ed8a4490a09ac041a3263"},"headline":"> Taller de pr\u00e1ctica arbitral","datePublished":"2016-05-21T22:11:36+00:00","mainEntityOfPage":{"@id":"https:\/\/www.afa-arbitrage.com\/es\/taller-de-practica-arbitral-comite-francais-de-larbitrage\/"},"wordCount":50,"commentCount":0,"publisher":{"@id":"https:\/\/www.afa-arbitrage.com\/#organization"},"articleSection":["Noticias"],"inLanguage":"es","potentialAction":[{"@type":"CommentAction","name":"Comment","target":["https:\/\/www.afa-arbitrage.com\/es\/taller-de-practica-arbitral-comite-francais-de-larbitrage\/#respond"]}]},{"@type":"WebPage","@id":"https:\/\/www.afa-arbitrage.com\/es\/taller-de-practica-arbitral-comite-francais-de-larbitrage\/","url":"https:\/\/www.afa-arbitrage.com\/es\/taller-de-practica-arbitral-comite-francais-de-larbitrage\/","name":"> Taller de pr\u00e1ctica arbitral - Association Fran\u00e7aise d&#039;Arbitrage","isPartOf":{"@id":"https:\/\/www.afa-arbitrage.com\/#website"},"datePublished":"2016-05-21T22:11:36+00:00","breadcrumb":{"@id":"https:\/\/www.afa-arbitrage.com\/es\/taller-de-practica-arbitral-comite-francais-de-larbitrage\/#breadcrumb"},"inLanguage":"es","potentialAction":[{"@type":"ReadAction","target":["https:\/\/www.afa-arbitrage.com\/es\/taller-de-practica-arbitral-comite-francais-de-larbitrage\/"]}]},{"@type":"BreadcrumbList","@id":"https:\/\/www.afa-arbitrage.com\/es\/taller-de-practica-arbitral-comite-francais-de-larbitrage\/#breadcrumb","itemListElement":[{"@type":"ListItem","position":1,"name":"Bienvenida","item":"\/es"},{"@type":"ListItem","position":2,"name":"> Taller de pr\u00e1ctica arbitral"}]},{"@type":"WebSite","@id":"https:\/\/www.afa-arbitrage.com\/#website","url":"https:\/\/www.afa-arbitrage.com\/","name":"Association Fran\u00e7aise d'Arbitrage","description":"Arbitrage interne et international","publisher":{"@id":"https:\/\/www.afa-arbitrage.com\/#organization"},"potentialAction":[{"@type":"SearchAction","target":{"@type":"EntryPoint","urlTemplate":"https:\/\/www.afa-arbitrage.com\/?s={search_term_string}"},"query-input":{"@type":"PropertyValueSpecification","valueRequired":true,"valueName":"search_term_string"}}],"inLanguage":"es"},{"@type":"Organization","@id":"https:\/\/www.afa-arbitrage.com\/#organization","name":"Association Fran\u00e7aise d'Arbitrage","url":"https:\/\/www.afa-arbitrage.com\/","logo":{"@type":"ImageObject","inLanguage":"es","@id":"https:\/\/www.afa-arbitrage.com\/#\/schema\/logo\/image\/","url":"https:\/\/www.afa-arbitrage.com\/wp-content\/uploads\/2023\/02\/AFA_logo_header_clear_long.png","contentUrl":"https:\/\/www.afa-arbitrage.com\/wp-content\/uploads\/2023\/02\/AFA_logo_header_clear_long.png","width":500,"height":60,"caption":"Association Fran\u00e7aise d'Arbitrage"},"image":{"@id":"https:\/\/www.afa-arbitrage.com\/#\/schema\/logo\/image\/"}},{"@type":"Person","@id":"https:\/\/www.afa-arbitrage.com\/#\/schema\/person\/3d2970a9310ed8a4490a09ac041a3263","name":"Sophie Chevron","image":{"@type":"ImageObject","inLanguage":"es","@id":"https:\/\/secure.gravatar.com\/avatar\/9755f7353d9eefe1c717312669a47803b0463086d675bcd185a184effe042e88?s=96&d=mm&r=g","url":"https:\/\/secure.gravatar.com\/avatar\/9755f7353d9eefe1c717312669a47803b0463086d675bcd185a184effe042e88?s=96&d=mm&r=g","contentUrl":"https:\/\/secure.gravatar.com\/avatar\/9755f7353d9eefe1c717312669a47803b0463086d675bcd185a184effe042e88?s=96&d=mm&r=g","caption":"Sophie Chevron"},"url":"https:\/\/www.afa-arbitrage.com\/es\/author\/s-chevron\/"}]}},"_links":{"self":[{"href":"https:\/\/www.afa-arbitrage.com\/es\/wp-json\/wp\/v2\/posts\/6684\/"}],"collection":[{"href":"https:\/\/www.afa-arbitrage.com\/es\/wp-json\/wp\/v2\/posts\/"}],"about":[{"href":"https:\/\/www.afa-arbitrage.com\/es\/wp-json\/wp\/v2\/types\/post\/"}],"author":[{"embeddable":true,"href":"https:\/\/www.afa-arbitrage.com\/es\/wp-json\/wp\/v2\/users\/6\/"}],"replies":[{"embeddable":true,"href":"https:\/\/www.afa-arbitrage.com\/es\/wp-json\/wp\/v2\/comments\/?post=6684"}],"version-history":[{"count":1,"href":"https:\/\/www.afa-arbitrage.com\/es\/wp-json\/wp\/v2\/posts\/6684\/revisions\/"}],"predecessor-version":[{"id":6685,"href":"https:\/\/www.afa-arbitrage.com\/es\/wp-json\/wp\/v2\/posts\/6684\/revisions\/6685\/"}],"wp:attachment":[{"href":"https:\/\/www.afa-arbitrage.com\/es\/wp-json\/wp\/v2\/media\/?parent=6684"}],"wp:term":[{"taxonomy":"category","embeddable":true,"href":"https:\/\/www.afa-arbitrage.com\/es\/wp-json\/wp\/v2\/categories\/?post=6684"},{"taxonomy":"post_tag","embeddable":true,"href":"https:\/\/www.afa-arbitrage.com\/es\/wp-json\/wp\/v2\/tags\/?post=6684"}],"curies":[{"name":"wp","href":"https:\/\/api.w.org\/{rel}","templated":true}]}}