{"id":5291,"date":"2015-05-25T21:19:52","date_gmt":"2015-05-25T20:19:52","guid":{"rendered":"https:\/\/www.afa-arbitrage.com\/?p=5291"},"modified":"2015-05-25T21:19:52","modified_gmt":"2015-05-25T20:19:52","slug":"coloquio-del-maci-y-de-la-afa-24-de-junio-de-2015","status":"publish","type":"post","link":"https:\/\/www.afa-arbitrage.com\/es\/coloquio-del-maci-y-de-la-afa-24-de-junio-de-2015\/","title":{"rendered":"> Coloquio del MACI y de la AFA &#8211; 24 de junio de 2015"},"content":{"rendered":"<p><span class=\"transpan\"><span id=\"tran0\">La <em>Promoci\u00f3n Pierre Lalive<\/em> del M\u00e1ster Arbitraje y Comercio internacional (MACI) en colaboraci\u00f3n con la Association Fran\u00e7aise d&#8217;Arbitrage y con apoyo de la Comisi\u00f3n Arbitraje del Colegio de Abogados de Par\u00eds, organiza el coloquio \u00abEl arbitraje visto por los medios de comunicaci\u00f3n\u00bb que se celebrar\u00e1 el 24 de junio de 2015 de las 17 horas a las 20 horas en el Gran Auditorio de la Maison du Barreau en Par\u00eds.<\/span><\/span><\/p>\n<p><span id=\"tran1\">Haga clic aqu\u00ed para descargar <a href=\"https:\/\/www.afa-arbitrage.com\/wp-content\/uploads\/Colloque-L-arbitrage-vu-par-les-medias-MACI-_-AFA.pdf\" target=\"_blank\">el programa.<\/a><\/span><\/p>\n<p>Entrada libre &#8211; Inscripci\u00f3n: <a href=\"mailto:arb.med.24.6@gmail.com\">arb.med.24.6@gmail.com<\/a><\/p>\n","protected":false},"excerpt":{"rendered":"<p>La Promoci\u00f3n Pierre Lalive del M\u00e1ster Arbitraje y Comercio internacional (MACI) en colaboraci\u00f3n con la Association Fran\u00e7aise d&#8217;Arbitrage y con apoyo de la Comisi\u00f3n Arbitraje del Colegio de Abogados de Par\u00eds, organiza el coloquio \u00abEl arbitraje visto por los medios de comunicaci\u00f3n\u00bb que se celebrar\u00e1 el 24 de junio de 2015 de las 17 horas a las 20 horas en el Gran Auditorio de la Maison du Barreau en Par\u00eds. Haga clic aqu\u00ed para descargar el programa. Entrada libre &#8211; Inscripci\u00f3n: arb.med.24.6@gmail.com<\/p>\n","protected":false},"author":6,"featured_media":0,"comment_status":"open","ping_status":"open","sticky":false,"template":"","format":"standard","meta":{"_cbd_carousel_blocks":"[]","footnotes":""},"categories":[23],"tags":[],"class_list":["post-5291","post","type-post","status-publish","format-standard","hentry","category-noticias","entry"],"yoast_head":"<!-- This site is optimized with the Yoast SEO plugin v27.3 - https:\/\/yoast.com\/product\/yoast-seo-wordpress\/ -->\n<title>El arbitraje visto por los medios de comunicaci\u00f3n - Coloquio MACI - AFA<\/title>\n<meta name=\"description\" content=\"La Promoci\u00f3n Pierre Lalive del MACI y la AFA organizan el 24 de junio de 2015 de las 17 horas a las 20 horas en el Auditorio de la Maison du Barreau en Par\u00eds, un coloquio sobre el tema: El arbitraje visto por los medios de comunicaci\u00f3n.\" \/>\n<meta name=\"robots\" content=\"index, follow, max-snippet:-1, max-image-preview:large, max-video-preview:-1\" \/>\n<link rel=\"canonical\" href=\"https:\/\/www.afa-arbitrage.com\/es\/coloquio-del-maci-y-de-la-afa-24-de-junio-de-2015\/\" \/>\n<meta property=\"og:locale\" content=\"es_ES\" \/>\n<meta property=\"og:type\" content=\"article\" \/>\n<meta property=\"og:title\" content=\"El arbitraje visto por los medios de comunicaci\u00f3n - Coloquio MACI - AFA\" \/>\n<meta property=\"og:description\" content=\"La Promoci\u00f3n Pierre Lalive del MACI y la AFA organizan el 24 de junio de 2015 de las 17 horas a las 20 horas en el Auditorio de la Maison du Barreau en Par\u00eds, un coloquio sobre el tema: El arbitraje visto por los medios de comunicaci\u00f3n.\" \/>\n<meta property=\"og:url\" content=\"https:\/\/www.afa-arbitrage.com\/es\/coloquio-del-maci-y-de-la-afa-24-de-junio-de-2015\/\" \/>\n<meta property=\"og:site_name\" content=\"Association Fran\u00e7aise d&#039;Arbitrage\" \/>\n<meta property=\"article:published_time\" content=\"2015-05-25T20:19:52+00:00\" \/>\n<meta name=\"author\" content=\"Sophie Chevron\" \/>\n<meta name=\"twitter:card\" content=\"summary_large_image\" \/>\n<meta name=\"twitter:label1\" content=\"Escrito por\" \/>\n\t<meta name=\"twitter:data1\" content=\"Sophie Chevron\" \/>\n<script type=\"application\/ld+json\" class=\"yoast-schema-graph\">{\"@context\":\"https:\\\/\\\/schema.org\",\"@graph\":[{\"@type\":\"Article\",\"@id\":\"https:\\\/\\\/www.afa-arbitrage.com\\\/es\\\/coloquio-del-maci-y-de-la-afa-24-de-junio-de-2015\\\/#article\",\"isPartOf\":{\"@id\":\"https:\\\/\\\/www.afa-arbitrage.com\\\/es\\\/coloquio-del-maci-y-de-la-afa-24-de-junio-de-2015\\\/\"},\"author\":{\"name\":\"Sophie Chevron\",\"@id\":\"https:\\\/\\\/www.afa-arbitrage.com\\\/#\\\/schema\\\/person\\\/3d2970a9310ed8a4490a09ac041a3263\"},\"headline\":\"> Coloquio del MACI y de la AFA &#8211; 24 de junio de 2015\",\"datePublished\":\"2015-05-25T20:19:52+00:00\",\"mainEntityOfPage\":{\"@id\":\"https:\\\/\\\/www.afa-arbitrage.com\\\/es\\\/coloquio-del-maci-y-de-la-afa-24-de-junio-de-2015\\\/\"},\"wordCount\":101,\"commentCount\":0,\"publisher\":{\"@id\":\"https:\\\/\\\/www.afa-arbitrage.com\\\/#organization\"},\"articleSection\":[\"Noticias\"],\"inLanguage\":\"es\",\"potentialAction\":[{\"@type\":\"CommentAction\",\"name\":\"Comment\",\"target\":[\"https:\\\/\\\/www.afa-arbitrage.com\\\/es\\\/coloquio-del-maci-y-de-la-afa-24-de-junio-de-2015\\\/#respond\"]}]},{\"@type\":\"WebPage\",\"@id\":\"https:\\\/\\\/www.afa-arbitrage.com\\\/es\\\/coloquio-del-maci-y-de-la-afa-24-de-junio-de-2015\\\/\",\"url\":\"https:\\\/\\\/www.afa-arbitrage.com\\\/es\\\/coloquio-del-maci-y-de-la-afa-24-de-junio-de-2015\\\/\",\"name\":\"El arbitraje visto por los medios de comunicaci\u00f3n - Coloquio MACI - AFA\",\"isPartOf\":{\"@id\":\"https:\\\/\\\/www.afa-arbitrage.com\\\/#website\"},\"datePublished\":\"2015-05-25T20:19:52+00:00\",\"description\":\"La Promoci\u00f3n Pierre Lalive del MACI y la AFA organizan el 24 de junio de 2015 de las 17 horas a las 20 horas en el Auditorio de la Maison du Barreau en Par\u00eds, un coloquio sobre el tema: El arbitraje visto por los medios de comunicaci\u00f3n.\",\"breadcrumb\":{\"@id\":\"https:\\\/\\\/www.afa-arbitrage.com\\\/es\\\/coloquio-del-maci-y-de-la-afa-24-de-junio-de-2015\\\/#breadcrumb\"},\"inLanguage\":\"es\",\"potentialAction\":[{\"@type\":\"ReadAction\",\"target\":[\"https:\\\/\\\/www.afa-arbitrage.com\\\/es\\\/coloquio-del-maci-y-de-la-afa-24-de-junio-de-2015\\\/\"]}]},{\"@type\":\"BreadcrumbList\",\"@id\":\"https:\\\/\\\/www.afa-arbitrage.com\\\/es\\\/coloquio-del-maci-y-de-la-afa-24-de-junio-de-2015\\\/#breadcrumb\",\"itemListElement\":[{\"@type\":\"ListItem\",\"position\":1,\"name\":\"Bienvenida\",\"item\":\"\\\/es\"},{\"@type\":\"ListItem\",\"position\":2,\"name\":\"> Coloquio del MACI y de la AFA &#8211; 24 de junio de 2015\"}]},{\"@type\":\"WebSite\",\"@id\":\"https:\\\/\\\/www.afa-arbitrage.com\\\/#website\",\"url\":\"https:\\\/\\\/www.afa-arbitrage.com\\\/\",\"name\":\"Association Fran\u00e7aise d'Arbitrage\",\"description\":\"Arbitrage interne et international\",\"publisher\":{\"@id\":\"https:\\\/\\\/www.afa-arbitrage.com\\\/#organization\"},\"potentialAction\":[{\"@type\":\"SearchAction\",\"target\":{\"@type\":\"EntryPoint\",\"urlTemplate\":\"https:\\\/\\\/www.afa-arbitrage.com\\\/?s={search_term_string}\"},\"query-input\":{\"@type\":\"PropertyValueSpecification\",\"valueRequired\":true,\"valueName\":\"search_term_string\"}}],\"inLanguage\":\"es\"},{\"@type\":\"Organization\",\"@id\":\"https:\\\/\\\/www.afa-arbitrage.com\\\/#organization\",\"name\":\"Association Fran\u00e7aise d'Arbitrage\",\"url\":\"https:\\\/\\\/www.afa-arbitrage.com\\\/\",\"logo\":{\"@type\":\"ImageObject\",\"inLanguage\":\"es\",\"@id\":\"https:\\\/\\\/www.afa-arbitrage.com\\\/#\\\/schema\\\/logo\\\/image\\\/\",\"url\":\"https:\\\/\\\/www.afa-arbitrage.com\\\/wp-content\\\/uploads\\\/2023\\\/02\\\/AFA_logo_header_clear_long.png\",\"contentUrl\":\"https:\\\/\\\/www.afa-arbitrage.com\\\/wp-content\\\/uploads\\\/2023\\\/02\\\/AFA_logo_header_clear_long.png\",\"width\":500,\"height\":60,\"caption\":\"Association Fran\u00e7aise d'Arbitrage\"},\"image\":{\"@id\":\"https:\\\/\\\/www.afa-arbitrage.com\\\/#\\\/schema\\\/logo\\\/image\\\/\"}},{\"@type\":\"Person\",\"@id\":\"https:\\\/\\\/www.afa-arbitrage.com\\\/#\\\/schema\\\/person\\\/3d2970a9310ed8a4490a09ac041a3263\",\"name\":\"Sophie Chevron\",\"image\":{\"@type\":\"ImageObject\",\"inLanguage\":\"es\",\"@id\":\"https:\\\/\\\/secure.gravatar.com\\\/avatar\\\/9755f7353d9eefe1c717312669a47803b0463086d675bcd185a184effe042e88?s=96&d=mm&r=g\",\"url\":\"https:\\\/\\\/secure.gravatar.com\\\/avatar\\\/9755f7353d9eefe1c717312669a47803b0463086d675bcd185a184effe042e88?s=96&d=mm&r=g\",\"contentUrl\":\"https:\\\/\\\/secure.gravatar.com\\\/avatar\\\/9755f7353d9eefe1c717312669a47803b0463086d675bcd185a184effe042e88?s=96&d=mm&r=g\",\"caption\":\"Sophie Chevron\"},\"url\":\"https:\\\/\\\/www.afa-arbitrage.com\\\/es\\\/author\\\/s-chevron\\\/\"}]}<\/script>\n<!-- \/ Yoast SEO plugin. -->","yoast_head_json":{"title":"El arbitraje visto por los medios de comunicaci\u00f3n - Coloquio MACI - AFA","description":"La Promoci\u00f3n Pierre Lalive del MACI y la AFA organizan el 24 de junio de 2015 de las 17 horas a las 20 horas en el Auditorio de la Maison du Barreau en Par\u00eds, un coloquio sobre el tema: El arbitraje visto por los medios de comunicaci\u00f3n.","robots":{"index":"index","follow":"follow","max-snippet":"max-snippet:-1","max-image-preview":"max-image-preview:large","max-video-preview":"max-video-preview:-1"},"canonical":"https:\/\/www.afa-arbitrage.com\/es\/coloquio-del-maci-y-de-la-afa-24-de-junio-de-2015\/","og_locale":"es_ES","og_type":"article","og_title":"El arbitraje visto por los medios de comunicaci\u00f3n - Coloquio MACI - AFA","og_description":"La Promoci\u00f3n Pierre Lalive del MACI y la AFA organizan el 24 de junio de 2015 de las 17 horas a las 20 horas en el Auditorio de la Maison du Barreau en Par\u00eds, un coloquio sobre el tema: El arbitraje visto por los medios de comunicaci\u00f3n.","og_url":"https:\/\/www.afa-arbitrage.com\/es\/coloquio-del-maci-y-de-la-afa-24-de-junio-de-2015\/","og_site_name":"Association Fran\u00e7aise d&#039;Arbitrage","article_published_time":"2015-05-25T20:19:52+00:00","author":"Sophie Chevron","twitter_card":"summary_large_image","twitter_misc":{"Escrito por":"Sophie Chevron"},"schema":{"@context":"https:\/\/schema.org","@graph":[{"@type":"Article","@id":"https:\/\/www.afa-arbitrage.com\/es\/coloquio-del-maci-y-de-la-afa-24-de-junio-de-2015\/#article","isPartOf":{"@id":"https:\/\/www.afa-arbitrage.com\/es\/coloquio-del-maci-y-de-la-afa-24-de-junio-de-2015\/"},"author":{"name":"Sophie Chevron","@id":"https:\/\/www.afa-arbitrage.com\/#\/schema\/person\/3d2970a9310ed8a4490a09ac041a3263"},"headline":"> Coloquio del MACI y de la AFA &#8211; 24 de junio de 2015","datePublished":"2015-05-25T20:19:52+00:00","mainEntityOfPage":{"@id":"https:\/\/www.afa-arbitrage.com\/es\/coloquio-del-maci-y-de-la-afa-24-de-junio-de-2015\/"},"wordCount":101,"commentCount":0,"publisher":{"@id":"https:\/\/www.afa-arbitrage.com\/#organization"},"articleSection":["Noticias"],"inLanguage":"es","potentialAction":[{"@type":"CommentAction","name":"Comment","target":["https:\/\/www.afa-arbitrage.com\/es\/coloquio-del-maci-y-de-la-afa-24-de-junio-de-2015\/#respond"]}]},{"@type":"WebPage","@id":"https:\/\/www.afa-arbitrage.com\/es\/coloquio-del-maci-y-de-la-afa-24-de-junio-de-2015\/","url":"https:\/\/www.afa-arbitrage.com\/es\/coloquio-del-maci-y-de-la-afa-24-de-junio-de-2015\/","name":"El arbitraje visto por los medios de comunicaci\u00f3n - Coloquio MACI - AFA","isPartOf":{"@id":"https:\/\/www.afa-arbitrage.com\/#website"},"datePublished":"2015-05-25T20:19:52+00:00","description":"La Promoci\u00f3n Pierre Lalive del MACI y la AFA organizan el 24 de junio de 2015 de las 17 horas a las 20 horas en el Auditorio de la Maison du Barreau en Par\u00eds, un coloquio sobre el tema: El arbitraje visto por los medios de comunicaci\u00f3n.","breadcrumb":{"@id":"https:\/\/www.afa-arbitrage.com\/es\/coloquio-del-maci-y-de-la-afa-24-de-junio-de-2015\/#breadcrumb"},"inLanguage":"es","potentialAction":[{"@type":"ReadAction","target":["https:\/\/www.afa-arbitrage.com\/es\/coloquio-del-maci-y-de-la-afa-24-de-junio-de-2015\/"]}]},{"@type":"BreadcrumbList","@id":"https:\/\/www.afa-arbitrage.com\/es\/coloquio-del-maci-y-de-la-afa-24-de-junio-de-2015\/#breadcrumb","itemListElement":[{"@type":"ListItem","position":1,"name":"Bienvenida","item":"\/es"},{"@type":"ListItem","position":2,"name":"> Coloquio del MACI y de la AFA &#8211; 24 de junio de 2015"}]},{"@type":"WebSite","@id":"https:\/\/www.afa-arbitrage.com\/#website","url":"https:\/\/www.afa-arbitrage.com\/","name":"Association Fran\u00e7aise d'Arbitrage","description":"Arbitrage interne et international","publisher":{"@id":"https:\/\/www.afa-arbitrage.com\/#organization"},"potentialAction":[{"@type":"SearchAction","target":{"@type":"EntryPoint","urlTemplate":"https:\/\/www.afa-arbitrage.com\/?s={search_term_string}"},"query-input":{"@type":"PropertyValueSpecification","valueRequired":true,"valueName":"search_term_string"}}],"inLanguage":"es"},{"@type":"Organization","@id":"https:\/\/www.afa-arbitrage.com\/#organization","name":"Association Fran\u00e7aise d'Arbitrage","url":"https:\/\/www.afa-arbitrage.com\/","logo":{"@type":"ImageObject","inLanguage":"es","@id":"https:\/\/www.afa-arbitrage.com\/#\/schema\/logo\/image\/","url":"https:\/\/www.afa-arbitrage.com\/wp-content\/uploads\/2023\/02\/AFA_logo_header_clear_long.png","contentUrl":"https:\/\/www.afa-arbitrage.com\/wp-content\/uploads\/2023\/02\/AFA_logo_header_clear_long.png","width":500,"height":60,"caption":"Association Fran\u00e7aise d'Arbitrage"},"image":{"@id":"https:\/\/www.afa-arbitrage.com\/#\/schema\/logo\/image\/"}},{"@type":"Person","@id":"https:\/\/www.afa-arbitrage.com\/#\/schema\/person\/3d2970a9310ed8a4490a09ac041a3263","name":"Sophie Chevron","image":{"@type":"ImageObject","inLanguage":"es","@id":"https:\/\/secure.gravatar.com\/avatar\/9755f7353d9eefe1c717312669a47803b0463086d675bcd185a184effe042e88?s=96&d=mm&r=g","url":"https:\/\/secure.gravatar.com\/avatar\/9755f7353d9eefe1c717312669a47803b0463086d675bcd185a184effe042e88?s=96&d=mm&r=g","contentUrl":"https:\/\/secure.gravatar.com\/avatar\/9755f7353d9eefe1c717312669a47803b0463086d675bcd185a184effe042e88?s=96&d=mm&r=g","caption":"Sophie Chevron"},"url":"https:\/\/www.afa-arbitrage.com\/es\/author\/s-chevron\/"}]}},"_links":{"self":[{"href":"https:\/\/www.afa-arbitrage.com\/es\/wp-json\/wp\/v2\/posts\/5291\/"}],"collection":[{"href":"https:\/\/www.afa-arbitrage.com\/es\/wp-json\/wp\/v2\/posts\/"}],"about":[{"href":"https:\/\/www.afa-arbitrage.com\/es\/wp-json\/wp\/v2\/types\/post\/"}],"author":[{"embeddable":true,"href":"https:\/\/www.afa-arbitrage.com\/es\/wp-json\/wp\/v2\/users\/6\/"}],"replies":[{"embeddable":true,"href":"https:\/\/www.afa-arbitrage.com\/es\/wp-json\/wp\/v2\/comments\/?post=5291"}],"version-history":[{"count":0,"href":"https:\/\/www.afa-arbitrage.com\/es\/wp-json\/wp\/v2\/posts\/5291\/revisions\/"}],"wp:attachment":[{"href":"https:\/\/www.afa-arbitrage.com\/es\/wp-json\/wp\/v2\/media\/?parent=5291"}],"wp:term":[{"taxonomy":"category","embeddable":true,"href":"https:\/\/www.afa-arbitrage.com\/es\/wp-json\/wp\/v2\/categories\/?post=5291"},{"taxonomy":"post_tag","embeddable":true,"href":"https:\/\/www.afa-arbitrage.com\/es\/wp-json\/wp\/v2\/tags\/?post=5291"}],"curies":[{"name":"wp","href":"https:\/\/api.w.org\/{rel}","templated":true}]}}