{"id":4675,"date":"2015-01-06T23:33:17","date_gmt":"2015-01-06T22:33:17","guid":{"rendered":"https:\/\/www.afa-arbitrage.com\/?p=4675"},"modified":"2015-02-22T23:50:20","modified_gmt":"2015-02-22T22:50:20","slug":"universidad-de-rouen-facultad-de-derecho-13-de-febrero-de-2015","status":"publish","type":"post","link":"https:\/\/www.afa-arbitrage.com\/es\/universidad-de-rouen-facultad-de-derecho-13-de-febrero-de-2015\/","title":{"rendered":"> Universidad de Rouen &#8211; Facultad de Derecho &#8211; 13 de febrero de 2015"},"content":{"rendered":"<p><span class=\"transpan\"><span id=\"tran0\">Bajo la presidencia de Se\u00f1ora Genevi\u00e8ve AUGENDRE,\u00a0tendr\u00e1 lugar el 13 de febrero de 2015 la conferencia sobre la \u00ab<strong>Actualidad de los Modos Alternativos de Soluci\u00f3n de Conflictos<\/strong>\u00bb organizada por el UFR de la Universidad de Rouen. Se\u00f1or No\u00ebl M\u00c9LIN,\u00a0Secretario General de la A.F.A., presentar\u00e1 la actualidad de la mediaci\u00f3n.<\/span><\/p>\n<p><span id=\"tran1\">Haga clic aqu\u00ed para descargar <a href=\"https:\/\/www.afa-arbitrage.com\/wp-content\/uploads\/Faculte_de_droit_Rouen_conference-du-13-fevrier-2015.pdf\" target=\"_blank\">el programa.<\/a><\/span><\/p>\n<p><span id=\"tran2\">Contacto: Se\u00f1or Profesor Jean-Philippe DOM &#8211; <a href=\"mailto:jean-philippe.dom@univ-rouen.fr\" target=\"_blank\">jean-philippe.dom@univ-rouen.fr<\/a><\/span><\/span><\/p>\n","protected":false},"excerpt":{"rendered":"<p>Bajo la presidencia de Se\u00f1ora Genevi\u00e8ve AUGENDRE,\u00a0tendr\u00e1 lugar el 13 de febrero de 2015 la conferencia sobre la \u00abActualidad de los Modos Alternativos de Soluci\u00f3n de Conflictos\u00bb organizada por el UFR de la Universidad de Rouen. Se\u00f1or No\u00ebl M\u00c9LIN,\u00a0Secretario General de la A.F.A., presentar\u00e1 la actualidad de la mediaci\u00f3n. Haga clic aqu\u00ed para descargar el programa. Contacto: Se\u00f1or Profesor Jean-Philippe DOM &#8211; jean-philippe.dom@univ-rouen.fr<\/p>\n","protected":false},"author":6,"featured_media":0,"comment_status":"open","ping_status":"open","sticky":false,"template":"","format":"standard","meta":{"_cbd_carousel_blocks":"[]","footnotes":""},"categories":[23],"tags":[],"class_list":["post-4675","post","type-post","status-publish","format-standard","hentry","category-noticias","entry"],"yoast_head":"<!-- This site is optimized with the Yoast SEO plugin v27.3 - https:\/\/yoast.com\/product\/yoast-seo-wordpress\/ -->\n<title>&gt; Universidad de Rouen - Facultad de Derecho - 13 de febrero de 2015 - Association Fran\u00e7aise d&#039;Arbitrage<\/title>\n<meta name=\"robots\" content=\"index, follow, max-snippet:-1, max-image-preview:large, max-video-preview:-1\" \/>\n<link rel=\"canonical\" href=\"https:\/\/www.afa-arbitrage.com\/es\/universidad-de-rouen-facultad-de-derecho-13-de-febrero-de-2015\/\" \/>\n<meta property=\"og:locale\" content=\"es_ES\" \/>\n<meta property=\"og:type\" content=\"article\" \/>\n<meta property=\"og:title\" content=\"&gt; Universidad de Rouen - Facultad de Derecho - 13 de febrero de 2015 - Association Fran\u00e7aise d&#039;Arbitrage\" \/>\n<meta property=\"og:description\" content=\"Bajo la presidencia de Se\u00f1ora Genevi\u00e8ve AUGENDRE,\u00a0tendr\u00e1 lugar el 13 de febrero de 2015 la conferencia sobre la \u00abActualidad de los Modos Alternativos de Soluci\u00f3n de Conflictos\u00bb organizada por el UFR de la Universidad de Rouen. Se\u00f1or No\u00ebl M\u00c9LIN,\u00a0Secretario General de la A.F.A., presentar\u00e1 la actualidad de la mediaci\u00f3n. Haga clic aqu\u00ed para descargar el programa. Contacto: Se\u00f1or Profesor Jean-Philippe DOM &#8211; jean-philippe.dom@univ-rouen.fr\" \/>\n<meta property=\"og:url\" content=\"https:\/\/www.afa-arbitrage.com\/es\/universidad-de-rouen-facultad-de-derecho-13-de-febrero-de-2015\/\" \/>\n<meta property=\"og:site_name\" content=\"Association Fran\u00e7aise d&#039;Arbitrage\" \/>\n<meta property=\"article:published_time\" content=\"2015-01-06T22:33:17+00:00\" \/>\n<meta property=\"article:modified_time\" content=\"2015-02-22T22:50:20+00:00\" \/>\n<meta name=\"author\" content=\"Sophie Chevron\" \/>\n<meta name=\"twitter:card\" content=\"summary_large_image\" \/>\n<meta name=\"twitter:label1\" content=\"Escrito por\" \/>\n\t<meta name=\"twitter:data1\" content=\"Sophie Chevron\" \/>\n<script type=\"application\/ld+json\" class=\"yoast-schema-graph\">{\"@context\":\"https:\\\/\\\/schema.org\",\"@graph\":[{\"@type\":\"Article\",\"@id\":\"https:\\\/\\\/www.afa-arbitrage.com\\\/es\\\/universidad-de-rouen-facultad-de-derecho-13-de-febrero-de-2015\\\/#article\",\"isPartOf\":{\"@id\":\"https:\\\/\\\/www.afa-arbitrage.com\\\/es\\\/universidad-de-rouen-facultad-de-derecho-13-de-febrero-de-2015\\\/\"},\"author\":{\"name\":\"Sophie Chevron\",\"@id\":\"https:\\\/\\\/www.afa-arbitrage.com\\\/#\\\/schema\\\/person\\\/3d2970a9310ed8a4490a09ac041a3263\"},\"headline\":\"> Universidad de Rouen &#8211; Facultad de Derecho &#8211; 13 de febrero de 2015\",\"datePublished\":\"2015-01-06T22:33:17+00:00\",\"dateModified\":\"2015-02-22T22:50:20+00:00\",\"mainEntityOfPage\":{\"@id\":\"https:\\\/\\\/www.afa-arbitrage.com\\\/es\\\/universidad-de-rouen-facultad-de-derecho-13-de-febrero-de-2015\\\/\"},\"wordCount\":87,\"commentCount\":0,\"publisher\":{\"@id\":\"https:\\\/\\\/www.afa-arbitrage.com\\\/#organization\"},\"articleSection\":[\"Noticias\"],\"inLanguage\":\"es\",\"potentialAction\":[{\"@type\":\"CommentAction\",\"name\":\"Comment\",\"target\":[\"https:\\\/\\\/www.afa-arbitrage.com\\\/es\\\/universidad-de-rouen-facultad-de-derecho-13-de-febrero-de-2015\\\/#respond\"]}]},{\"@type\":\"WebPage\",\"@id\":\"https:\\\/\\\/www.afa-arbitrage.com\\\/es\\\/universidad-de-rouen-facultad-de-derecho-13-de-febrero-de-2015\\\/\",\"url\":\"https:\\\/\\\/www.afa-arbitrage.com\\\/es\\\/universidad-de-rouen-facultad-de-derecho-13-de-febrero-de-2015\\\/\",\"name\":\"> Universidad de Rouen - Facultad de Derecho - 13 de febrero de 2015 - Association Fran\u00e7aise d&#039;Arbitrage\",\"isPartOf\":{\"@id\":\"https:\\\/\\\/www.afa-arbitrage.com\\\/#website\"},\"datePublished\":\"2015-01-06T22:33:17+00:00\",\"dateModified\":\"2015-02-22T22:50:20+00:00\",\"breadcrumb\":{\"@id\":\"https:\\\/\\\/www.afa-arbitrage.com\\\/es\\\/universidad-de-rouen-facultad-de-derecho-13-de-febrero-de-2015\\\/#breadcrumb\"},\"inLanguage\":\"es\",\"potentialAction\":[{\"@type\":\"ReadAction\",\"target\":[\"https:\\\/\\\/www.afa-arbitrage.com\\\/es\\\/universidad-de-rouen-facultad-de-derecho-13-de-febrero-de-2015\\\/\"]}]},{\"@type\":\"BreadcrumbList\",\"@id\":\"https:\\\/\\\/www.afa-arbitrage.com\\\/es\\\/universidad-de-rouen-facultad-de-derecho-13-de-febrero-de-2015\\\/#breadcrumb\",\"itemListElement\":[{\"@type\":\"ListItem\",\"position\":1,\"name\":\"Bienvenida\",\"item\":\"\\\/es\"},{\"@type\":\"ListItem\",\"position\":2,\"name\":\"> Universidad de Rouen &#8211; Facultad de Derecho &#8211; 13 de febrero de 2015\"}]},{\"@type\":\"WebSite\",\"@id\":\"https:\\\/\\\/www.afa-arbitrage.com\\\/#website\",\"url\":\"https:\\\/\\\/www.afa-arbitrage.com\\\/\",\"name\":\"Association Fran\u00e7aise d'Arbitrage\",\"description\":\"Arbitrage interne et international\",\"publisher\":{\"@id\":\"https:\\\/\\\/www.afa-arbitrage.com\\\/#organization\"},\"potentialAction\":[{\"@type\":\"SearchAction\",\"target\":{\"@type\":\"EntryPoint\",\"urlTemplate\":\"https:\\\/\\\/www.afa-arbitrage.com\\\/?s={search_term_string}\"},\"query-input\":{\"@type\":\"PropertyValueSpecification\",\"valueRequired\":true,\"valueName\":\"search_term_string\"}}],\"inLanguage\":\"es\"},{\"@type\":\"Organization\",\"@id\":\"https:\\\/\\\/www.afa-arbitrage.com\\\/#organization\",\"name\":\"Association Fran\u00e7aise d'Arbitrage\",\"url\":\"https:\\\/\\\/www.afa-arbitrage.com\\\/\",\"logo\":{\"@type\":\"ImageObject\",\"inLanguage\":\"es\",\"@id\":\"https:\\\/\\\/www.afa-arbitrage.com\\\/#\\\/schema\\\/logo\\\/image\\\/\",\"url\":\"https:\\\/\\\/www.afa-arbitrage.com\\\/wp-content\\\/uploads\\\/2023\\\/02\\\/AFA_logo_header_clear_long.png\",\"contentUrl\":\"https:\\\/\\\/www.afa-arbitrage.com\\\/wp-content\\\/uploads\\\/2023\\\/02\\\/AFA_logo_header_clear_long.png\",\"width\":500,\"height\":60,\"caption\":\"Association Fran\u00e7aise d'Arbitrage\"},\"image\":{\"@id\":\"https:\\\/\\\/www.afa-arbitrage.com\\\/#\\\/schema\\\/logo\\\/image\\\/\"}},{\"@type\":\"Person\",\"@id\":\"https:\\\/\\\/www.afa-arbitrage.com\\\/#\\\/schema\\\/person\\\/3d2970a9310ed8a4490a09ac041a3263\",\"name\":\"Sophie Chevron\",\"image\":{\"@type\":\"ImageObject\",\"inLanguage\":\"es\",\"@id\":\"https:\\\/\\\/secure.gravatar.com\\\/avatar\\\/9755f7353d9eefe1c717312669a47803b0463086d675bcd185a184effe042e88?s=96&d=mm&r=g\",\"url\":\"https:\\\/\\\/secure.gravatar.com\\\/avatar\\\/9755f7353d9eefe1c717312669a47803b0463086d675bcd185a184effe042e88?s=96&d=mm&r=g\",\"contentUrl\":\"https:\\\/\\\/secure.gravatar.com\\\/avatar\\\/9755f7353d9eefe1c717312669a47803b0463086d675bcd185a184effe042e88?s=96&d=mm&r=g\",\"caption\":\"Sophie Chevron\"},\"url\":\"https:\\\/\\\/www.afa-arbitrage.com\\\/es\\\/author\\\/s-chevron\\\/\"}]}<\/script>\n<!-- \/ Yoast SEO plugin. -->","yoast_head_json":{"title":"> Universidad de Rouen - Facultad de Derecho - 13 de febrero de 2015 - Association Fran\u00e7aise d&#039;Arbitrage","robots":{"index":"index","follow":"follow","max-snippet":"max-snippet:-1","max-image-preview":"max-image-preview:large","max-video-preview":"max-video-preview:-1"},"canonical":"https:\/\/www.afa-arbitrage.com\/es\/universidad-de-rouen-facultad-de-derecho-13-de-febrero-de-2015\/","og_locale":"es_ES","og_type":"article","og_title":"> Universidad de Rouen - Facultad de Derecho - 13 de febrero de 2015 - Association Fran\u00e7aise d&#039;Arbitrage","og_description":"Bajo la presidencia de Se\u00f1ora Genevi\u00e8ve AUGENDRE,\u00a0tendr\u00e1 lugar el 13 de febrero de 2015 la conferencia sobre la \u00abActualidad de los Modos Alternativos de Soluci\u00f3n de Conflictos\u00bb organizada por el UFR de la Universidad de Rouen. Se\u00f1or No\u00ebl M\u00c9LIN,\u00a0Secretario General de la A.F.A., presentar\u00e1 la actualidad de la mediaci\u00f3n. Haga clic aqu\u00ed para descargar el programa. Contacto: Se\u00f1or Profesor Jean-Philippe DOM &#8211; jean-philippe.dom@univ-rouen.fr","og_url":"https:\/\/www.afa-arbitrage.com\/es\/universidad-de-rouen-facultad-de-derecho-13-de-febrero-de-2015\/","og_site_name":"Association Fran\u00e7aise d&#039;Arbitrage","article_published_time":"2015-01-06T22:33:17+00:00","article_modified_time":"2015-02-22T22:50:20+00:00","author":"Sophie Chevron","twitter_card":"summary_large_image","twitter_misc":{"Escrito por":"Sophie Chevron"},"schema":{"@context":"https:\/\/schema.org","@graph":[{"@type":"Article","@id":"https:\/\/www.afa-arbitrage.com\/es\/universidad-de-rouen-facultad-de-derecho-13-de-febrero-de-2015\/#article","isPartOf":{"@id":"https:\/\/www.afa-arbitrage.com\/es\/universidad-de-rouen-facultad-de-derecho-13-de-febrero-de-2015\/"},"author":{"name":"Sophie Chevron","@id":"https:\/\/www.afa-arbitrage.com\/#\/schema\/person\/3d2970a9310ed8a4490a09ac041a3263"},"headline":"> Universidad de Rouen &#8211; Facultad de Derecho &#8211; 13 de febrero de 2015","datePublished":"2015-01-06T22:33:17+00:00","dateModified":"2015-02-22T22:50:20+00:00","mainEntityOfPage":{"@id":"https:\/\/www.afa-arbitrage.com\/es\/universidad-de-rouen-facultad-de-derecho-13-de-febrero-de-2015\/"},"wordCount":87,"commentCount":0,"publisher":{"@id":"https:\/\/www.afa-arbitrage.com\/#organization"},"articleSection":["Noticias"],"inLanguage":"es","potentialAction":[{"@type":"CommentAction","name":"Comment","target":["https:\/\/www.afa-arbitrage.com\/es\/universidad-de-rouen-facultad-de-derecho-13-de-febrero-de-2015\/#respond"]}]},{"@type":"WebPage","@id":"https:\/\/www.afa-arbitrage.com\/es\/universidad-de-rouen-facultad-de-derecho-13-de-febrero-de-2015\/","url":"https:\/\/www.afa-arbitrage.com\/es\/universidad-de-rouen-facultad-de-derecho-13-de-febrero-de-2015\/","name":"> Universidad de Rouen - Facultad de Derecho - 13 de febrero de 2015 - Association Fran\u00e7aise d&#039;Arbitrage","isPartOf":{"@id":"https:\/\/www.afa-arbitrage.com\/#website"},"datePublished":"2015-01-06T22:33:17+00:00","dateModified":"2015-02-22T22:50:20+00:00","breadcrumb":{"@id":"https:\/\/www.afa-arbitrage.com\/es\/universidad-de-rouen-facultad-de-derecho-13-de-febrero-de-2015\/#breadcrumb"},"inLanguage":"es","potentialAction":[{"@type":"ReadAction","target":["https:\/\/www.afa-arbitrage.com\/es\/universidad-de-rouen-facultad-de-derecho-13-de-febrero-de-2015\/"]}]},{"@type":"BreadcrumbList","@id":"https:\/\/www.afa-arbitrage.com\/es\/universidad-de-rouen-facultad-de-derecho-13-de-febrero-de-2015\/#breadcrumb","itemListElement":[{"@type":"ListItem","position":1,"name":"Bienvenida","item":"\/es"},{"@type":"ListItem","position":2,"name":"> Universidad de Rouen &#8211; Facultad de Derecho &#8211; 13 de febrero de 2015"}]},{"@type":"WebSite","@id":"https:\/\/www.afa-arbitrage.com\/#website","url":"https:\/\/www.afa-arbitrage.com\/","name":"Association Fran\u00e7aise d'Arbitrage","description":"Arbitrage interne et international","publisher":{"@id":"https:\/\/www.afa-arbitrage.com\/#organization"},"potentialAction":[{"@type":"SearchAction","target":{"@type":"EntryPoint","urlTemplate":"https:\/\/www.afa-arbitrage.com\/?s={search_term_string}"},"query-input":{"@type":"PropertyValueSpecification","valueRequired":true,"valueName":"search_term_string"}}],"inLanguage":"es"},{"@type":"Organization","@id":"https:\/\/www.afa-arbitrage.com\/#organization","name":"Association Fran\u00e7aise d'Arbitrage","url":"https:\/\/www.afa-arbitrage.com\/","logo":{"@type":"ImageObject","inLanguage":"es","@id":"https:\/\/www.afa-arbitrage.com\/#\/schema\/logo\/image\/","url":"https:\/\/www.afa-arbitrage.com\/wp-content\/uploads\/2023\/02\/AFA_logo_header_clear_long.png","contentUrl":"https:\/\/www.afa-arbitrage.com\/wp-content\/uploads\/2023\/02\/AFA_logo_header_clear_long.png","width":500,"height":60,"caption":"Association Fran\u00e7aise d'Arbitrage"},"image":{"@id":"https:\/\/www.afa-arbitrage.com\/#\/schema\/logo\/image\/"}},{"@type":"Person","@id":"https:\/\/www.afa-arbitrage.com\/#\/schema\/person\/3d2970a9310ed8a4490a09ac041a3263","name":"Sophie Chevron","image":{"@type":"ImageObject","inLanguage":"es","@id":"https:\/\/secure.gravatar.com\/avatar\/9755f7353d9eefe1c717312669a47803b0463086d675bcd185a184effe042e88?s=96&d=mm&r=g","url":"https:\/\/secure.gravatar.com\/avatar\/9755f7353d9eefe1c717312669a47803b0463086d675bcd185a184effe042e88?s=96&d=mm&r=g","contentUrl":"https:\/\/secure.gravatar.com\/avatar\/9755f7353d9eefe1c717312669a47803b0463086d675bcd185a184effe042e88?s=96&d=mm&r=g","caption":"Sophie Chevron"},"url":"https:\/\/www.afa-arbitrage.com\/es\/author\/s-chevron\/"}]}},"_links":{"self":[{"href":"https:\/\/www.afa-arbitrage.com\/es\/wp-json\/wp\/v2\/posts\/4675\/"}],"collection":[{"href":"https:\/\/www.afa-arbitrage.com\/es\/wp-json\/wp\/v2\/posts\/"}],"about":[{"href":"https:\/\/www.afa-arbitrage.com\/es\/wp-json\/wp\/v2\/types\/post\/"}],"author":[{"embeddable":true,"href":"https:\/\/www.afa-arbitrage.com\/es\/wp-json\/wp\/v2\/users\/6\/"}],"replies":[{"embeddable":true,"href":"https:\/\/www.afa-arbitrage.com\/es\/wp-json\/wp\/v2\/comments\/?post=4675"}],"version-history":[{"count":0,"href":"https:\/\/www.afa-arbitrage.com\/es\/wp-json\/wp\/v2\/posts\/4675\/revisions\/"}],"wp:attachment":[{"href":"https:\/\/www.afa-arbitrage.com\/es\/wp-json\/wp\/v2\/media\/?parent=4675"}],"wp:term":[{"taxonomy":"category","embeddable":true,"href":"https:\/\/www.afa-arbitrage.com\/es\/wp-json\/wp\/v2\/categories\/?post=4675"},{"taxonomy":"post_tag","embeddable":true,"href":"https:\/\/www.afa-arbitrage.com\/es\/wp-json\/wp\/v2\/tags\/?post=4675"}],"curies":[{"name":"wp","href":"https:\/\/api.w.org\/{rel}","templated":true}]}}