{"id":2836,"date":"2014-07-16T00:08:17","date_gmt":"2014-07-15T23:08:17","guid":{"rendered":"https:\/\/www.afa-arbitrage.com\/?p=2836"},"modified":"2014-10-25T21:40:22","modified_gmt":"2014-10-25T20:40:22","slug":"manifestacion-afa-22-septiembre-2014","status":"publish","type":"post","link":"https:\/\/www.afa-arbitrage.com\/es\/manifestacion-afa-22-septiembre-2014\/","title":{"rendered":"> Manifestaci\u00f3n AFA \u2013 22 de septiembre de 2014"},"content":{"rendered":"<p>El lunes 22 de septiembre de 2014 tendr\u00e1 lugar la 39\u00aa Asamblea general de la A.F.A. durante la cual, la Presidente Sra AUGENDRE presentar\u00e1 las actividades de la Asociaci\u00f3n. Tendr\u00e1 lugar en los Salons de l\u2019H\u00f4tel des Arts et des M\u00e9tiers en Par\u00eds.<\/p>\n<p>A las 18 horas, <strong>Dr. Thomas CLAY<\/strong> animar\u00e1 la conferencia anual alrededor del tema \u201c<strong>El co\u00e1rbitro<\/strong>\u201d. \u00a0Seguida por un c\u00f3ctel en los Salons de l\u2019H\u00f4tel.<\/p>\n<p>Solo sobre invitaci\u00f3n \u2013 Inscripci\u00f3n ante la Secretaria de la A.F.A., <a href=\"mailto:contact@afa-arbitrage.com\">contact@afa-arbitrage.com<\/a>\u00a0o al +33153772431.<\/p>\n","protected":false},"excerpt":{"rendered":"<p>El lunes 22 de septiembre de 2014 tendr\u00e1 lugar la 39\u00aa Asamblea general de la A.F.A. durante la cual, la Presidente Sra AUGENDRE presentar\u00e1 las actividades de la Asociaci\u00f3n. Tendr\u00e1 lugar en los Salons de l\u2019H\u00f4tel des Arts et des M\u00e9tiers en Par\u00eds. A las 18 horas, Dr. Thomas CLAY animar\u00e1 la conferencia anual alrededor del tema \u201cEl co\u00e1rbitro\u201d. \u00a0Seguida por un c\u00f3ctel en los Salons de l\u2019H\u00f4tel. Solo sobre invitaci\u00f3n \u2013 Inscripci\u00f3n ante la Secretaria de la A.F.A., contact@afa-arbitrage.com\u00a0o al +33153772431.<\/p>\n","protected":false},"author":6,"featured_media":0,"comment_status":"open","ping_status":"open","sticky":false,"template":"","format":"standard","meta":{"_cbd_carousel_blocks":"[]","footnotes":""},"categories":[23,27],"tags":[],"class_list":["post-2836","post","type-post","status-publish","format-standard","hentry","category-noticias","category-noticias-2014","entry"],"yoast_head":"<!-- This site is optimized with the Yoast SEO plugin v27.3 - https:\/\/yoast.com\/product\/yoast-seo-wordpress\/ -->\n<title>&gt; Manifestaci\u00f3n AFA \u2013 22 de septiembre de 2014 - Association Fran\u00e7aise d&#039;Arbitrage<\/title>\n<meta name=\"robots\" content=\"index, follow, max-snippet:-1, max-image-preview:large, max-video-preview:-1\" \/>\n<link rel=\"canonical\" href=\"https:\/\/www.afa-arbitrage.com\/es\/manifestacion-afa-22-septiembre-2014\/\" \/>\n<meta property=\"og:locale\" content=\"es_ES\" \/>\n<meta property=\"og:type\" content=\"article\" \/>\n<meta property=\"og:title\" content=\"&gt; Manifestaci\u00f3n AFA \u2013 22 de septiembre de 2014 - Association Fran\u00e7aise d&#039;Arbitrage\" \/>\n<meta property=\"og:description\" content=\"El lunes 22 de septiembre de 2014 tendr\u00e1 lugar la 39\u00aa Asamblea general de la A.F.A. durante la cual, la Presidente Sra AUGENDRE presentar\u00e1 las actividades de la Asociaci\u00f3n. Tendr\u00e1 lugar en los Salons de l\u2019H\u00f4tel des Arts et des M\u00e9tiers en Par\u00eds. A las 18 horas, Dr. Thomas CLAY animar\u00e1 la conferencia anual alrededor del tema \u201cEl co\u00e1rbitro\u201d. \u00a0Seguida por un c\u00f3ctel en los Salons de l\u2019H\u00f4tel. Solo sobre invitaci\u00f3n \u2013 Inscripci\u00f3n ante la Secretaria de la A.F.A., contact@afa-arbitrage.com\u00a0o al +33153772431.\" \/>\n<meta property=\"og:url\" content=\"https:\/\/www.afa-arbitrage.com\/es\/manifestacion-afa-22-septiembre-2014\/\" \/>\n<meta property=\"og:site_name\" content=\"Association Fran\u00e7aise d&#039;Arbitrage\" \/>\n<meta property=\"article:published_time\" content=\"2014-07-15T23:08:17+00:00\" \/>\n<meta property=\"article:modified_time\" content=\"2014-10-25T20:40:22+00:00\" \/>\n<meta name=\"author\" content=\"Sophie Chevron\" \/>\n<meta name=\"twitter:card\" content=\"summary_large_image\" \/>\n<meta name=\"twitter:label1\" content=\"Escrito por\" \/>\n\t<meta name=\"twitter:data1\" content=\"Sophie Chevron\" \/>\n<script type=\"application\/ld+json\" class=\"yoast-schema-graph\">{\"@context\":\"https:\\\/\\\/schema.org\",\"@graph\":[{\"@type\":\"Article\",\"@id\":\"https:\\\/\\\/www.afa-arbitrage.com\\\/es\\\/manifestacion-afa-22-septiembre-2014\\\/#article\",\"isPartOf\":{\"@id\":\"https:\\\/\\\/www.afa-arbitrage.com\\\/es\\\/manifestacion-afa-22-septiembre-2014\\\/\"},\"author\":{\"name\":\"Sophie Chevron\",\"@id\":\"https:\\\/\\\/www.afa-arbitrage.com\\\/#\\\/schema\\\/person\\\/3d2970a9310ed8a4490a09ac041a3263\"},\"headline\":\"> Manifestaci\u00f3n AFA \u2013 22 de septiembre de 2014\",\"datePublished\":\"2014-07-15T23:08:17+00:00\",\"dateModified\":\"2014-10-25T20:40:22+00:00\",\"mainEntityOfPage\":{\"@id\":\"https:\\\/\\\/www.afa-arbitrage.com\\\/es\\\/manifestacion-afa-22-septiembre-2014\\\/\"},\"wordCount\":100,\"commentCount\":0,\"publisher\":{\"@id\":\"https:\\\/\\\/www.afa-arbitrage.com\\\/#organization\"},\"articleSection\":[\"Noticias\",\"Noticias 2014\"],\"inLanguage\":\"es\",\"potentialAction\":[{\"@type\":\"CommentAction\",\"name\":\"Comment\",\"target\":[\"https:\\\/\\\/www.afa-arbitrage.com\\\/es\\\/manifestacion-afa-22-septiembre-2014\\\/#respond\"]}]},{\"@type\":\"WebPage\",\"@id\":\"https:\\\/\\\/www.afa-arbitrage.com\\\/es\\\/manifestacion-afa-22-septiembre-2014\\\/\",\"url\":\"https:\\\/\\\/www.afa-arbitrage.com\\\/es\\\/manifestacion-afa-22-septiembre-2014\\\/\",\"name\":\"> Manifestaci\u00f3n AFA \u2013 22 de septiembre de 2014 - Association Fran\u00e7aise d&#039;Arbitrage\",\"isPartOf\":{\"@id\":\"https:\\\/\\\/www.afa-arbitrage.com\\\/#website\"},\"datePublished\":\"2014-07-15T23:08:17+00:00\",\"dateModified\":\"2014-10-25T20:40:22+00:00\",\"breadcrumb\":{\"@id\":\"https:\\\/\\\/www.afa-arbitrage.com\\\/es\\\/manifestacion-afa-22-septiembre-2014\\\/#breadcrumb\"},\"inLanguage\":\"es\",\"potentialAction\":[{\"@type\":\"ReadAction\",\"target\":[\"https:\\\/\\\/www.afa-arbitrage.com\\\/es\\\/manifestacion-afa-22-septiembre-2014\\\/\"]}]},{\"@type\":\"BreadcrumbList\",\"@id\":\"https:\\\/\\\/www.afa-arbitrage.com\\\/es\\\/manifestacion-afa-22-septiembre-2014\\\/#breadcrumb\",\"itemListElement\":[{\"@type\":\"ListItem\",\"position\":1,\"name\":\"Bienvenida\",\"item\":\"\\\/es\"},{\"@type\":\"ListItem\",\"position\":2,\"name\":\"> Manifestaci\u00f3n AFA \u2013 22 de septiembre de 2014\"}]},{\"@type\":\"WebSite\",\"@id\":\"https:\\\/\\\/www.afa-arbitrage.com\\\/#website\",\"url\":\"https:\\\/\\\/www.afa-arbitrage.com\\\/\",\"name\":\"Association Fran\u00e7aise d'Arbitrage\",\"description\":\"Arbitrage interne et international\",\"publisher\":{\"@id\":\"https:\\\/\\\/www.afa-arbitrage.com\\\/#organization\"},\"potentialAction\":[{\"@type\":\"SearchAction\",\"target\":{\"@type\":\"EntryPoint\",\"urlTemplate\":\"https:\\\/\\\/www.afa-arbitrage.com\\\/?s={search_term_string}\"},\"query-input\":{\"@type\":\"PropertyValueSpecification\",\"valueRequired\":true,\"valueName\":\"search_term_string\"}}],\"inLanguage\":\"es\"},{\"@type\":\"Organization\",\"@id\":\"https:\\\/\\\/www.afa-arbitrage.com\\\/#organization\",\"name\":\"Association Fran\u00e7aise d'Arbitrage\",\"url\":\"https:\\\/\\\/www.afa-arbitrage.com\\\/\",\"logo\":{\"@type\":\"ImageObject\",\"inLanguage\":\"es\",\"@id\":\"https:\\\/\\\/www.afa-arbitrage.com\\\/#\\\/schema\\\/logo\\\/image\\\/\",\"url\":\"https:\\\/\\\/www.afa-arbitrage.com\\\/wp-content\\\/uploads\\\/2023\\\/02\\\/AFA_logo_header_clear_long.png\",\"contentUrl\":\"https:\\\/\\\/www.afa-arbitrage.com\\\/wp-content\\\/uploads\\\/2023\\\/02\\\/AFA_logo_header_clear_long.png\",\"width\":500,\"height\":60,\"caption\":\"Association Fran\u00e7aise d'Arbitrage\"},\"image\":{\"@id\":\"https:\\\/\\\/www.afa-arbitrage.com\\\/#\\\/schema\\\/logo\\\/image\\\/\"}},{\"@type\":\"Person\",\"@id\":\"https:\\\/\\\/www.afa-arbitrage.com\\\/#\\\/schema\\\/person\\\/3d2970a9310ed8a4490a09ac041a3263\",\"name\":\"Sophie Chevron\",\"image\":{\"@type\":\"ImageObject\",\"inLanguage\":\"es\",\"@id\":\"https:\\\/\\\/secure.gravatar.com\\\/avatar\\\/9755f7353d9eefe1c717312669a47803b0463086d675bcd185a184effe042e88?s=96&d=mm&r=g\",\"url\":\"https:\\\/\\\/secure.gravatar.com\\\/avatar\\\/9755f7353d9eefe1c717312669a47803b0463086d675bcd185a184effe042e88?s=96&d=mm&r=g\",\"contentUrl\":\"https:\\\/\\\/secure.gravatar.com\\\/avatar\\\/9755f7353d9eefe1c717312669a47803b0463086d675bcd185a184effe042e88?s=96&d=mm&r=g\",\"caption\":\"Sophie Chevron\"},\"url\":\"https:\\\/\\\/www.afa-arbitrage.com\\\/es\\\/author\\\/s-chevron\\\/\"}]}<\/script>\n<!-- \/ Yoast SEO plugin. -->","yoast_head_json":{"title":"> Manifestaci\u00f3n AFA \u2013 22 de septiembre de 2014 - Association Fran\u00e7aise d&#039;Arbitrage","robots":{"index":"index","follow":"follow","max-snippet":"max-snippet:-1","max-image-preview":"max-image-preview:large","max-video-preview":"max-video-preview:-1"},"canonical":"https:\/\/www.afa-arbitrage.com\/es\/manifestacion-afa-22-septiembre-2014\/","og_locale":"es_ES","og_type":"article","og_title":"> Manifestaci\u00f3n AFA \u2013 22 de septiembre de 2014 - Association Fran\u00e7aise d&#039;Arbitrage","og_description":"El lunes 22 de septiembre de 2014 tendr\u00e1 lugar la 39\u00aa Asamblea general de la A.F.A. durante la cual, la Presidente Sra AUGENDRE presentar\u00e1 las actividades de la Asociaci\u00f3n. Tendr\u00e1 lugar en los Salons de l\u2019H\u00f4tel des Arts et des M\u00e9tiers en Par\u00eds. A las 18 horas, Dr. Thomas CLAY animar\u00e1 la conferencia anual alrededor del tema \u201cEl co\u00e1rbitro\u201d. \u00a0Seguida por un c\u00f3ctel en los Salons de l\u2019H\u00f4tel. Solo sobre invitaci\u00f3n \u2013 Inscripci\u00f3n ante la Secretaria de la A.F.A., contact@afa-arbitrage.com\u00a0o al +33153772431.","og_url":"https:\/\/www.afa-arbitrage.com\/es\/manifestacion-afa-22-septiembre-2014\/","og_site_name":"Association Fran\u00e7aise d&#039;Arbitrage","article_published_time":"2014-07-15T23:08:17+00:00","article_modified_time":"2014-10-25T20:40:22+00:00","author":"Sophie Chevron","twitter_card":"summary_large_image","twitter_misc":{"Escrito por":"Sophie Chevron"},"schema":{"@context":"https:\/\/schema.org","@graph":[{"@type":"Article","@id":"https:\/\/www.afa-arbitrage.com\/es\/manifestacion-afa-22-septiembre-2014\/#article","isPartOf":{"@id":"https:\/\/www.afa-arbitrage.com\/es\/manifestacion-afa-22-septiembre-2014\/"},"author":{"name":"Sophie Chevron","@id":"https:\/\/www.afa-arbitrage.com\/#\/schema\/person\/3d2970a9310ed8a4490a09ac041a3263"},"headline":"> Manifestaci\u00f3n AFA \u2013 22 de septiembre de 2014","datePublished":"2014-07-15T23:08:17+00:00","dateModified":"2014-10-25T20:40:22+00:00","mainEntityOfPage":{"@id":"https:\/\/www.afa-arbitrage.com\/es\/manifestacion-afa-22-septiembre-2014\/"},"wordCount":100,"commentCount":0,"publisher":{"@id":"https:\/\/www.afa-arbitrage.com\/#organization"},"articleSection":["Noticias","Noticias 2014"],"inLanguage":"es","potentialAction":[{"@type":"CommentAction","name":"Comment","target":["https:\/\/www.afa-arbitrage.com\/es\/manifestacion-afa-22-septiembre-2014\/#respond"]}]},{"@type":"WebPage","@id":"https:\/\/www.afa-arbitrage.com\/es\/manifestacion-afa-22-septiembre-2014\/","url":"https:\/\/www.afa-arbitrage.com\/es\/manifestacion-afa-22-septiembre-2014\/","name":"> Manifestaci\u00f3n AFA \u2013 22 de septiembre de 2014 - Association Fran\u00e7aise d&#039;Arbitrage","isPartOf":{"@id":"https:\/\/www.afa-arbitrage.com\/#website"},"datePublished":"2014-07-15T23:08:17+00:00","dateModified":"2014-10-25T20:40:22+00:00","breadcrumb":{"@id":"https:\/\/www.afa-arbitrage.com\/es\/manifestacion-afa-22-septiembre-2014\/#breadcrumb"},"inLanguage":"es","potentialAction":[{"@type":"ReadAction","target":["https:\/\/www.afa-arbitrage.com\/es\/manifestacion-afa-22-septiembre-2014\/"]}]},{"@type":"BreadcrumbList","@id":"https:\/\/www.afa-arbitrage.com\/es\/manifestacion-afa-22-septiembre-2014\/#breadcrumb","itemListElement":[{"@type":"ListItem","position":1,"name":"Bienvenida","item":"\/es"},{"@type":"ListItem","position":2,"name":"> Manifestaci\u00f3n AFA \u2013 22 de septiembre de 2014"}]},{"@type":"WebSite","@id":"https:\/\/www.afa-arbitrage.com\/#website","url":"https:\/\/www.afa-arbitrage.com\/","name":"Association Fran\u00e7aise d'Arbitrage","description":"Arbitrage interne et international","publisher":{"@id":"https:\/\/www.afa-arbitrage.com\/#organization"},"potentialAction":[{"@type":"SearchAction","target":{"@type":"EntryPoint","urlTemplate":"https:\/\/www.afa-arbitrage.com\/?s={search_term_string}"},"query-input":{"@type":"PropertyValueSpecification","valueRequired":true,"valueName":"search_term_string"}}],"inLanguage":"es"},{"@type":"Organization","@id":"https:\/\/www.afa-arbitrage.com\/#organization","name":"Association Fran\u00e7aise d'Arbitrage","url":"https:\/\/www.afa-arbitrage.com\/","logo":{"@type":"ImageObject","inLanguage":"es","@id":"https:\/\/www.afa-arbitrage.com\/#\/schema\/logo\/image\/","url":"https:\/\/www.afa-arbitrage.com\/wp-content\/uploads\/2023\/02\/AFA_logo_header_clear_long.png","contentUrl":"https:\/\/www.afa-arbitrage.com\/wp-content\/uploads\/2023\/02\/AFA_logo_header_clear_long.png","width":500,"height":60,"caption":"Association Fran\u00e7aise d'Arbitrage"},"image":{"@id":"https:\/\/www.afa-arbitrage.com\/#\/schema\/logo\/image\/"}},{"@type":"Person","@id":"https:\/\/www.afa-arbitrage.com\/#\/schema\/person\/3d2970a9310ed8a4490a09ac041a3263","name":"Sophie Chevron","image":{"@type":"ImageObject","inLanguage":"es","@id":"https:\/\/secure.gravatar.com\/avatar\/9755f7353d9eefe1c717312669a47803b0463086d675bcd185a184effe042e88?s=96&d=mm&r=g","url":"https:\/\/secure.gravatar.com\/avatar\/9755f7353d9eefe1c717312669a47803b0463086d675bcd185a184effe042e88?s=96&d=mm&r=g","contentUrl":"https:\/\/secure.gravatar.com\/avatar\/9755f7353d9eefe1c717312669a47803b0463086d675bcd185a184effe042e88?s=96&d=mm&r=g","caption":"Sophie Chevron"},"url":"https:\/\/www.afa-arbitrage.com\/es\/author\/s-chevron\/"}]}},"_links":{"self":[{"href":"https:\/\/www.afa-arbitrage.com\/es\/wp-json\/wp\/v2\/posts\/2836\/"}],"collection":[{"href":"https:\/\/www.afa-arbitrage.com\/es\/wp-json\/wp\/v2\/posts\/"}],"about":[{"href":"https:\/\/www.afa-arbitrage.com\/es\/wp-json\/wp\/v2\/types\/post\/"}],"author":[{"embeddable":true,"href":"https:\/\/www.afa-arbitrage.com\/es\/wp-json\/wp\/v2\/users\/6\/"}],"replies":[{"embeddable":true,"href":"https:\/\/www.afa-arbitrage.com\/es\/wp-json\/wp\/v2\/comments\/?post=2836"}],"version-history":[{"count":0,"href":"https:\/\/www.afa-arbitrage.com\/es\/wp-json\/wp\/v2\/posts\/2836\/revisions\/"}],"wp:attachment":[{"href":"https:\/\/www.afa-arbitrage.com\/es\/wp-json\/wp\/v2\/media\/?parent=2836"}],"wp:term":[{"taxonomy":"category","embeddable":true,"href":"https:\/\/www.afa-arbitrage.com\/es\/wp-json\/wp\/v2\/categories\/?post=2836"},{"taxonomy":"post_tag","embeddable":true,"href":"https:\/\/www.afa-arbitrage.com\/es\/wp-json\/wp\/v2\/tags\/?post=2836"}],"curies":[{"name":"wp","href":"https:\/\/api.w.org\/{rel}","templated":true}]}}