{"id":2209,"date":"2014-02-26T11:20:59","date_gmt":"2014-02-26T10:20:59","guid":{"rendered":"https:\/\/www.afa-arbitrage.com\/?p=2209"},"modified":"2014-03-01T23:46:27","modified_gmt":"2014-03-01T22:46:27","slug":"coloquio-de-derecho-y-comercio-de-deauville-de-los-4-y-5-de-abril-de-2014","status":"publish","type":"post","link":"https:\/\/www.afa-arbitrage.com\/es\/coloquio-de-derecho-y-comercio-de-deauville-de-los-4-y-5-de-abril-de-2014\/","title":{"rendered":"> Coloquio de derecho y comercio de Deauville de los 4 y 5 de abril de 2014"},"content":{"rendered":"<p><span lang=\"ES-TRAD\" style=\"mso-ansi-language: ES-TRAD;\">Tenemos el placer de informarles que el Coloquio anual Derecho y Comercio tendr<\/span><span lang=\"ES-TRAD\" style=\"mso-ascii-font-family: Cambria; mso-hansi-font-family: Cambria; mso-ansi-language: ES-TRAD;\">\u00e1<\/span><span lang=\"ES-TRAD\" style=\"mso-ansi-language: ES-TRAD;\"> lugar en Deauville los d\u00edas 4 y 5 de abril de 2014 sobre el tema \u201cLa gobernanza y el derecho de los negocios\u201d bajo la direcci\u00f3n cient\u00edfica de Sr Bruno Dondero, profesor en la Universidad Paris I.<br \/>\nHaga clic para ver <a title=\"El programa del Coloquio anual Derecho y Comercio\" href=\"https:\/\/www.afa-arbitrage.com\/wp-content\/uploads\/Programme-2014.pdf\" target=\"_blank\">el programa<\/a> y para descargar <a title=\"La ficha de inscripci\u00f3n del Coloquio anual Derecho y Comercio\" href=\"https:\/\/www.afa-arbitrage.com\/wp-content\/uploads\/Bulletin-inscription-2014.pdf\" target=\"_blank\">la<\/a><\/span><a title=\"La ficha de inscripci\u00f3n del Coloquio anual Derecho y Comercio\" href=\"https:\/\/www.afa-arbitrage.com\/wp-content\/uploads\/Bulletin-inscription-2014.pdf\" target=\"_blank\"><span lang=\"ES-TRAD\" style=\"mso-ansi-language: ES-TRAD;\"> ficha de inscripci\u00f3n.<\/span><\/a><\/p>\n","protected":false},"excerpt":{"rendered":"<p>Tenemos el placer de informarles que el Coloquio anual Derecho y Comercio tendr\u00e1 lugar en Deauville los d\u00edas 4 y 5 de abril de 2014 sobre el tema \u201cLa gobernanza y el derecho de los negocios\u201d bajo la direcci\u00f3n cient\u00edfica de Sr Bruno Dondero, profesor en la Universidad Paris I. Haga clic para ver el programa y para descargar la ficha de inscripci\u00f3n.<\/p>\n","protected":false},"author":6,"featured_media":0,"comment_status":"open","ping_status":"open","sticky":false,"template":"","format":"standard","meta":{"_cbd_carousel_blocks":"[]","footnotes":""},"categories":[23],"tags":[],"class_list":["post-2209","post","type-post","status-publish","format-standard","hentry","category-noticias","entry"],"yoast_head":"<!-- This site is optimized with the Yoast SEO plugin v27.3 - https:\/\/yoast.com\/product\/yoast-seo-wordpress\/ -->\n<title>&gt; Coloquio de derecho y comercio de Deauville de los 4 y 5 de abril de 2014 - Association Fran\u00e7aise d&#039;Arbitrage<\/title>\n<meta name=\"robots\" content=\"index, follow, max-snippet:-1, max-image-preview:large, max-video-preview:-1\" \/>\n<link rel=\"canonical\" href=\"https:\/\/www.afa-arbitrage.com\/es\/coloquio-de-derecho-y-comercio-de-deauville-de-los-4-y-5-de-abril-de-2014\/\" \/>\n<meta property=\"og:locale\" content=\"es_ES\" \/>\n<meta property=\"og:type\" content=\"article\" \/>\n<meta property=\"og:title\" content=\"&gt; Coloquio de derecho y comercio de Deauville de los 4 y 5 de abril de 2014 - Association Fran\u00e7aise d&#039;Arbitrage\" \/>\n<meta property=\"og:description\" content=\"Tenemos el placer de informarles que el Coloquio anual Derecho y Comercio tendr\u00e1 lugar en Deauville los d\u00edas 4 y 5 de abril de 2014 sobre el tema \u201cLa gobernanza y el derecho de los negocios\u201d bajo la direcci\u00f3n cient\u00edfica de Sr Bruno Dondero, profesor en la Universidad Paris I. Haga clic para ver el programa y para descargar la ficha de inscripci\u00f3n.\" \/>\n<meta property=\"og:url\" content=\"https:\/\/www.afa-arbitrage.com\/es\/coloquio-de-derecho-y-comercio-de-deauville-de-los-4-y-5-de-abril-de-2014\/\" \/>\n<meta property=\"og:site_name\" content=\"Association Fran\u00e7aise d&#039;Arbitrage\" \/>\n<meta property=\"article:published_time\" content=\"2014-02-26T10:20:59+00:00\" \/>\n<meta property=\"article:modified_time\" content=\"2014-03-01T22:46:27+00:00\" \/>\n<meta name=\"author\" content=\"Sophie Chevron\" \/>\n<meta name=\"twitter:card\" content=\"summary_large_image\" \/>\n<meta name=\"twitter:label1\" content=\"Escrito por\" \/>\n\t<meta name=\"twitter:data1\" content=\"Sophie Chevron\" \/>\n<script type=\"application\/ld+json\" class=\"yoast-schema-graph\">{\"@context\":\"https:\\\/\\\/schema.org\",\"@graph\":[{\"@type\":\"Article\",\"@id\":\"https:\\\/\\\/www.afa-arbitrage.com\\\/es\\\/coloquio-de-derecho-y-comercio-de-deauville-de-los-4-y-5-de-abril-de-2014\\\/#article\",\"isPartOf\":{\"@id\":\"https:\\\/\\\/www.afa-arbitrage.com\\\/es\\\/coloquio-de-derecho-y-comercio-de-deauville-de-los-4-y-5-de-abril-de-2014\\\/\"},\"author\":{\"name\":\"Sophie Chevron\",\"@id\":\"https:\\\/\\\/www.afa-arbitrage.com\\\/#\\\/schema\\\/person\\\/3d2970a9310ed8a4490a09ac041a3263\"},\"headline\":\"> Coloquio de derecho y comercio de Deauville de los 4 y 5 de abril de 2014\",\"datePublished\":\"2014-02-26T10:20:59+00:00\",\"dateModified\":\"2014-03-01T22:46:27+00:00\",\"mainEntityOfPage\":{\"@id\":\"https:\\\/\\\/www.afa-arbitrage.com\\\/es\\\/coloquio-de-derecho-y-comercio-de-deauville-de-los-4-y-5-de-abril-de-2014\\\/\"},\"wordCount\":77,\"commentCount\":0,\"publisher\":{\"@id\":\"https:\\\/\\\/www.afa-arbitrage.com\\\/#organization\"},\"articleSection\":[\"Noticias\"],\"inLanguage\":\"es\",\"potentialAction\":[{\"@type\":\"CommentAction\",\"name\":\"Comment\",\"target\":[\"https:\\\/\\\/www.afa-arbitrage.com\\\/es\\\/coloquio-de-derecho-y-comercio-de-deauville-de-los-4-y-5-de-abril-de-2014\\\/#respond\"]}]},{\"@type\":\"WebPage\",\"@id\":\"https:\\\/\\\/www.afa-arbitrage.com\\\/es\\\/coloquio-de-derecho-y-comercio-de-deauville-de-los-4-y-5-de-abril-de-2014\\\/\",\"url\":\"https:\\\/\\\/www.afa-arbitrage.com\\\/es\\\/coloquio-de-derecho-y-comercio-de-deauville-de-los-4-y-5-de-abril-de-2014\\\/\",\"name\":\"> Coloquio de derecho y comercio de Deauville de los 4 y 5 de abril de 2014 - Association Fran\u00e7aise d&#039;Arbitrage\",\"isPartOf\":{\"@id\":\"https:\\\/\\\/www.afa-arbitrage.com\\\/#website\"},\"datePublished\":\"2014-02-26T10:20:59+00:00\",\"dateModified\":\"2014-03-01T22:46:27+00:00\",\"breadcrumb\":{\"@id\":\"https:\\\/\\\/www.afa-arbitrage.com\\\/es\\\/coloquio-de-derecho-y-comercio-de-deauville-de-los-4-y-5-de-abril-de-2014\\\/#breadcrumb\"},\"inLanguage\":\"es\",\"potentialAction\":[{\"@type\":\"ReadAction\",\"target\":[\"https:\\\/\\\/www.afa-arbitrage.com\\\/es\\\/coloquio-de-derecho-y-comercio-de-deauville-de-los-4-y-5-de-abril-de-2014\\\/\"]}]},{\"@type\":\"BreadcrumbList\",\"@id\":\"https:\\\/\\\/www.afa-arbitrage.com\\\/es\\\/coloquio-de-derecho-y-comercio-de-deauville-de-los-4-y-5-de-abril-de-2014\\\/#breadcrumb\",\"itemListElement\":[{\"@type\":\"ListItem\",\"position\":1,\"name\":\"Bienvenida\",\"item\":\"\\\/es\"},{\"@type\":\"ListItem\",\"position\":2,\"name\":\"> Coloquio de derecho y comercio de Deauville de los 4 y 5 de abril de 2014\"}]},{\"@type\":\"WebSite\",\"@id\":\"https:\\\/\\\/www.afa-arbitrage.com\\\/#website\",\"url\":\"https:\\\/\\\/www.afa-arbitrage.com\\\/\",\"name\":\"Association Fran\u00e7aise d'Arbitrage\",\"description\":\"Arbitrage interne et international\",\"publisher\":{\"@id\":\"https:\\\/\\\/www.afa-arbitrage.com\\\/#organization\"},\"potentialAction\":[{\"@type\":\"SearchAction\",\"target\":{\"@type\":\"EntryPoint\",\"urlTemplate\":\"https:\\\/\\\/www.afa-arbitrage.com\\\/?s={search_term_string}\"},\"query-input\":{\"@type\":\"PropertyValueSpecification\",\"valueRequired\":true,\"valueName\":\"search_term_string\"}}],\"inLanguage\":\"es\"},{\"@type\":\"Organization\",\"@id\":\"https:\\\/\\\/www.afa-arbitrage.com\\\/#organization\",\"name\":\"Association Fran\u00e7aise d'Arbitrage\",\"url\":\"https:\\\/\\\/www.afa-arbitrage.com\\\/\",\"logo\":{\"@type\":\"ImageObject\",\"inLanguage\":\"es\",\"@id\":\"https:\\\/\\\/www.afa-arbitrage.com\\\/#\\\/schema\\\/logo\\\/image\\\/\",\"url\":\"https:\\\/\\\/www.afa-arbitrage.com\\\/wp-content\\\/uploads\\\/2023\\\/02\\\/AFA_logo_header_clear_long.png\",\"contentUrl\":\"https:\\\/\\\/www.afa-arbitrage.com\\\/wp-content\\\/uploads\\\/2023\\\/02\\\/AFA_logo_header_clear_long.png\",\"width\":500,\"height\":60,\"caption\":\"Association Fran\u00e7aise d'Arbitrage\"},\"image\":{\"@id\":\"https:\\\/\\\/www.afa-arbitrage.com\\\/#\\\/schema\\\/logo\\\/image\\\/\"}},{\"@type\":\"Person\",\"@id\":\"https:\\\/\\\/www.afa-arbitrage.com\\\/#\\\/schema\\\/person\\\/3d2970a9310ed8a4490a09ac041a3263\",\"name\":\"Sophie Chevron\",\"image\":{\"@type\":\"ImageObject\",\"inLanguage\":\"es\",\"@id\":\"https:\\\/\\\/secure.gravatar.com\\\/avatar\\\/9755f7353d9eefe1c717312669a47803b0463086d675bcd185a184effe042e88?s=96&d=mm&r=g\",\"url\":\"https:\\\/\\\/secure.gravatar.com\\\/avatar\\\/9755f7353d9eefe1c717312669a47803b0463086d675bcd185a184effe042e88?s=96&d=mm&r=g\",\"contentUrl\":\"https:\\\/\\\/secure.gravatar.com\\\/avatar\\\/9755f7353d9eefe1c717312669a47803b0463086d675bcd185a184effe042e88?s=96&d=mm&r=g\",\"caption\":\"Sophie Chevron\"},\"url\":\"https:\\\/\\\/www.afa-arbitrage.com\\\/es\\\/author\\\/s-chevron\\\/\"}]}<\/script>\n<!-- \/ Yoast SEO plugin. -->","yoast_head_json":{"title":"> Coloquio de derecho y comercio de Deauville de los 4 y 5 de abril de 2014 - Association Fran\u00e7aise d&#039;Arbitrage","robots":{"index":"index","follow":"follow","max-snippet":"max-snippet:-1","max-image-preview":"max-image-preview:large","max-video-preview":"max-video-preview:-1"},"canonical":"https:\/\/www.afa-arbitrage.com\/es\/coloquio-de-derecho-y-comercio-de-deauville-de-los-4-y-5-de-abril-de-2014\/","og_locale":"es_ES","og_type":"article","og_title":"> Coloquio de derecho y comercio de Deauville de los 4 y 5 de abril de 2014 - Association Fran\u00e7aise d&#039;Arbitrage","og_description":"Tenemos el placer de informarles que el Coloquio anual Derecho y Comercio tendr\u00e1 lugar en Deauville los d\u00edas 4 y 5 de abril de 2014 sobre el tema \u201cLa gobernanza y el derecho de los negocios\u201d bajo la direcci\u00f3n cient\u00edfica de Sr Bruno Dondero, profesor en la Universidad Paris I. Haga clic para ver el programa y para descargar la ficha de inscripci\u00f3n.","og_url":"https:\/\/www.afa-arbitrage.com\/es\/coloquio-de-derecho-y-comercio-de-deauville-de-los-4-y-5-de-abril-de-2014\/","og_site_name":"Association Fran\u00e7aise d&#039;Arbitrage","article_published_time":"2014-02-26T10:20:59+00:00","article_modified_time":"2014-03-01T22:46:27+00:00","author":"Sophie Chevron","twitter_card":"summary_large_image","twitter_misc":{"Escrito por":"Sophie Chevron"},"schema":{"@context":"https:\/\/schema.org","@graph":[{"@type":"Article","@id":"https:\/\/www.afa-arbitrage.com\/es\/coloquio-de-derecho-y-comercio-de-deauville-de-los-4-y-5-de-abril-de-2014\/#article","isPartOf":{"@id":"https:\/\/www.afa-arbitrage.com\/es\/coloquio-de-derecho-y-comercio-de-deauville-de-los-4-y-5-de-abril-de-2014\/"},"author":{"name":"Sophie Chevron","@id":"https:\/\/www.afa-arbitrage.com\/#\/schema\/person\/3d2970a9310ed8a4490a09ac041a3263"},"headline":"> Coloquio de derecho y comercio de Deauville de los 4 y 5 de abril de 2014","datePublished":"2014-02-26T10:20:59+00:00","dateModified":"2014-03-01T22:46:27+00:00","mainEntityOfPage":{"@id":"https:\/\/www.afa-arbitrage.com\/es\/coloquio-de-derecho-y-comercio-de-deauville-de-los-4-y-5-de-abril-de-2014\/"},"wordCount":77,"commentCount":0,"publisher":{"@id":"https:\/\/www.afa-arbitrage.com\/#organization"},"articleSection":["Noticias"],"inLanguage":"es","potentialAction":[{"@type":"CommentAction","name":"Comment","target":["https:\/\/www.afa-arbitrage.com\/es\/coloquio-de-derecho-y-comercio-de-deauville-de-los-4-y-5-de-abril-de-2014\/#respond"]}]},{"@type":"WebPage","@id":"https:\/\/www.afa-arbitrage.com\/es\/coloquio-de-derecho-y-comercio-de-deauville-de-los-4-y-5-de-abril-de-2014\/","url":"https:\/\/www.afa-arbitrage.com\/es\/coloquio-de-derecho-y-comercio-de-deauville-de-los-4-y-5-de-abril-de-2014\/","name":"> Coloquio de derecho y comercio de Deauville de los 4 y 5 de abril de 2014 - Association Fran\u00e7aise d&#039;Arbitrage","isPartOf":{"@id":"https:\/\/www.afa-arbitrage.com\/#website"},"datePublished":"2014-02-26T10:20:59+00:00","dateModified":"2014-03-01T22:46:27+00:00","breadcrumb":{"@id":"https:\/\/www.afa-arbitrage.com\/es\/coloquio-de-derecho-y-comercio-de-deauville-de-los-4-y-5-de-abril-de-2014\/#breadcrumb"},"inLanguage":"es","potentialAction":[{"@type":"ReadAction","target":["https:\/\/www.afa-arbitrage.com\/es\/coloquio-de-derecho-y-comercio-de-deauville-de-los-4-y-5-de-abril-de-2014\/"]}]},{"@type":"BreadcrumbList","@id":"https:\/\/www.afa-arbitrage.com\/es\/coloquio-de-derecho-y-comercio-de-deauville-de-los-4-y-5-de-abril-de-2014\/#breadcrumb","itemListElement":[{"@type":"ListItem","position":1,"name":"Bienvenida","item":"\/es"},{"@type":"ListItem","position":2,"name":"> Coloquio de derecho y comercio de Deauville de los 4 y 5 de abril de 2014"}]},{"@type":"WebSite","@id":"https:\/\/www.afa-arbitrage.com\/#website","url":"https:\/\/www.afa-arbitrage.com\/","name":"Association Fran\u00e7aise d'Arbitrage","description":"Arbitrage interne et international","publisher":{"@id":"https:\/\/www.afa-arbitrage.com\/#organization"},"potentialAction":[{"@type":"SearchAction","target":{"@type":"EntryPoint","urlTemplate":"https:\/\/www.afa-arbitrage.com\/?s={search_term_string}"},"query-input":{"@type":"PropertyValueSpecification","valueRequired":true,"valueName":"search_term_string"}}],"inLanguage":"es"},{"@type":"Organization","@id":"https:\/\/www.afa-arbitrage.com\/#organization","name":"Association Fran\u00e7aise d'Arbitrage","url":"https:\/\/www.afa-arbitrage.com\/","logo":{"@type":"ImageObject","inLanguage":"es","@id":"https:\/\/www.afa-arbitrage.com\/#\/schema\/logo\/image\/","url":"https:\/\/www.afa-arbitrage.com\/wp-content\/uploads\/2023\/02\/AFA_logo_header_clear_long.png","contentUrl":"https:\/\/www.afa-arbitrage.com\/wp-content\/uploads\/2023\/02\/AFA_logo_header_clear_long.png","width":500,"height":60,"caption":"Association Fran\u00e7aise d'Arbitrage"},"image":{"@id":"https:\/\/www.afa-arbitrage.com\/#\/schema\/logo\/image\/"}},{"@type":"Person","@id":"https:\/\/www.afa-arbitrage.com\/#\/schema\/person\/3d2970a9310ed8a4490a09ac041a3263","name":"Sophie Chevron","image":{"@type":"ImageObject","inLanguage":"es","@id":"https:\/\/secure.gravatar.com\/avatar\/9755f7353d9eefe1c717312669a47803b0463086d675bcd185a184effe042e88?s=96&d=mm&r=g","url":"https:\/\/secure.gravatar.com\/avatar\/9755f7353d9eefe1c717312669a47803b0463086d675bcd185a184effe042e88?s=96&d=mm&r=g","contentUrl":"https:\/\/secure.gravatar.com\/avatar\/9755f7353d9eefe1c717312669a47803b0463086d675bcd185a184effe042e88?s=96&d=mm&r=g","caption":"Sophie Chevron"},"url":"https:\/\/www.afa-arbitrage.com\/es\/author\/s-chevron\/"}]}},"_links":{"self":[{"href":"https:\/\/www.afa-arbitrage.com\/es\/wp-json\/wp\/v2\/posts\/2209\/"}],"collection":[{"href":"https:\/\/www.afa-arbitrage.com\/es\/wp-json\/wp\/v2\/posts\/"}],"about":[{"href":"https:\/\/www.afa-arbitrage.com\/es\/wp-json\/wp\/v2\/types\/post\/"}],"author":[{"embeddable":true,"href":"https:\/\/www.afa-arbitrage.com\/es\/wp-json\/wp\/v2\/users\/6\/"}],"replies":[{"embeddable":true,"href":"https:\/\/www.afa-arbitrage.com\/es\/wp-json\/wp\/v2\/comments\/?post=2209"}],"version-history":[{"count":0,"href":"https:\/\/www.afa-arbitrage.com\/es\/wp-json\/wp\/v2\/posts\/2209\/revisions\/"}],"wp:attachment":[{"href":"https:\/\/www.afa-arbitrage.com\/es\/wp-json\/wp\/v2\/media\/?parent=2209"}],"wp:term":[{"taxonomy":"category","embeddable":true,"href":"https:\/\/www.afa-arbitrage.com\/es\/wp-json\/wp\/v2\/categories\/?post=2209"},{"taxonomy":"post_tag","embeddable":true,"href":"https:\/\/www.afa-arbitrage.com\/es\/wp-json\/wp\/v2\/tags\/?post=2209"}],"curies":[{"name":"wp","href":"https:\/\/api.w.org\/{rel}","templated":true}]}}