{"id":12691,"date":"2018-11-14T14:55:39","date_gmt":"2018-11-14T13:55:39","guid":{"rendered":"https:\/\/www.afa-arbitrage.com\/actualites-formation-ieam-2019\/"},"modified":"2018-12-10T12:52:34","modified_gmt":"2018-12-10T11:52:34","slug":"actualites-formation-ieam-2019","status":"publish","type":"post","link":"https:\/\/www.afa-arbitrage.com\/es\/actualites-formation-ieam-2019\/","title":{"rendered":"> Formation \u00e0 la m\u00e9diation IEAM 2019"},"content":{"rendered":"<p><a title=\"IEAM\" href=\"http:\/\/www.mediation-ieam.com\/\" target=\"_blank\" rel=\"noopener\">L&#8217;Institut d&#8217;Expertise, de M\u00e9diation et d&#8217;Arbitrage,\u00a0<\/a>organise une formation sur les fondamentaux de la m\u00e9diation sur 8 journ\u00e9es les 17 et 18 janvier, 14 et 15 f\u00e9vrier, 14 et 15 mars, 18 et 19 avril 2019 \u00e0 Paris.<\/p>\n<p><a href=\"https:\/\/www.afa-arbitrage.com\/wp-content\/uploads\/2018\/12\/IEAM-Programme-Fondamentaux-de-la-mediation-2019.pdf\" target=\"_blank\" rel=\"noopener\"><span style=\"color: #c59725;\">Programme<\/span><\/a> &amp; <a href=\"https:\/\/www.afa-arbitrage.com\/wp-content\/uploads\/2018\/12\/IEAM-Bulletin-d-inscription-Fondamentaux-de-la-mediation-2019.pdf\" target=\"_blank\" rel=\"noopener\"><span style=\"color: #c59725;\">inscription<\/span><\/a><\/p>\n","protected":false},"excerpt":{"rendered":"<p>L&#8217;Institut d&#8217;Expertise, de M\u00e9diation et d&#8217;Arbitrage,\u00a0organise une formation sur les fondamentaux de la m\u00e9diation sur 8 journ\u00e9es les 17 et 18 janvier, 14 et 15 f\u00e9vrier, 14 et 15 mars, 18 et 19 avril 2019 \u00e0 Paris. Programme &amp; inscription<\/p>\n","protected":false},"author":6,"featured_media":0,"comment_status":"open","ping_status":"open","sticky":false,"template":"","format":"standard","meta":{"_cbd_carousel_blocks":"[]","footnotes":""},"categories":[23,71],"tags":[],"class_list":["post-12691","post","type-post","status-publish","format-standard","hentry","category-noticias","category-actualites-2019-es","entry"],"yoast_head":"<!-- This site is optimized with the Yoast SEO plugin v27.3 - https:\/\/yoast.com\/product\/yoast-seo-wordpress\/ -->\n<title>Actualit\u00e9s en mati\u00e8re d&#039;arbitrage - Formation IEAM 2019<\/title>\n<meta name=\"description\" content=\"L&#039;IEAM organise une formation sur les fondamentaux de la m\u00e9diation en 8 journ\u00e9es, d\u00e8s les 17 et 18 janvier 2019 \u00e0 Paris.\" \/>\n<meta name=\"robots\" content=\"index, follow, max-snippet:-1, max-image-preview:large, max-video-preview:-1\" \/>\n<link rel=\"canonical\" href=\"https:\/\/www.afa-arbitrage.com\/es\/actualites-formation-ieam-2019\/\" \/>\n<meta property=\"og:locale\" content=\"es_ES\" \/>\n<meta property=\"og:type\" content=\"article\" \/>\n<meta property=\"og:title\" content=\"Actualit\u00e9s en mati\u00e8re d&#039;arbitrage - Formation IEAM 2019\" \/>\n<meta property=\"og:description\" content=\"L&#039;IEAM organise une formation sur les fondamentaux de la m\u00e9diation en 8 journ\u00e9es, d\u00e8s les 17 et 18 janvier 2019 \u00e0 Paris.\" \/>\n<meta property=\"og:url\" content=\"https:\/\/www.afa-arbitrage.com\/es\/actualites-formation-ieam-2019\/\" \/>\n<meta property=\"og:site_name\" content=\"Association Fran\u00e7aise d&#039;Arbitrage\" \/>\n<meta property=\"article:published_time\" content=\"2018-11-14T13:55:39+00:00\" \/>\n<meta property=\"article:modified_time\" content=\"2018-12-10T11:52:34+00:00\" \/>\n<meta name=\"author\" content=\"Sophie Chevron\" \/>\n<meta name=\"twitter:card\" content=\"summary_large_image\" \/>\n<meta name=\"twitter:label1\" content=\"Escrito por\" \/>\n\t<meta name=\"twitter:data1\" content=\"Sophie Chevron\" \/>\n<script type=\"application\/ld+json\" class=\"yoast-schema-graph\">{\"@context\":\"https:\\\/\\\/schema.org\",\"@graph\":[{\"@type\":\"Article\",\"@id\":\"https:\\\/\\\/www.afa-arbitrage.com\\\/es\\\/actualites-formation-ieam-2019\\\/#article\",\"isPartOf\":{\"@id\":\"https:\\\/\\\/www.afa-arbitrage.com\\\/es\\\/actualites-formation-ieam-2019\\\/\"},\"author\":{\"name\":\"Sophie Chevron\",\"@id\":\"https:\\\/\\\/www.afa-arbitrage.com\\\/#\\\/schema\\\/person\\\/3d2970a9310ed8a4490a09ac041a3263\"},\"headline\":\"> Formation \u00e0 la m\u00e9diation IEAM 2019\",\"datePublished\":\"2018-11-14T13:55:39+00:00\",\"dateModified\":\"2018-12-10T11:52:34+00:00\",\"mainEntityOfPage\":{\"@id\":\"https:\\\/\\\/www.afa-arbitrage.com\\\/es\\\/actualites-formation-ieam-2019\\\/\"},\"wordCount\":39,\"commentCount\":0,\"publisher\":{\"@id\":\"https:\\\/\\\/www.afa-arbitrage.com\\\/#organization\"},\"articleSection\":[\"Noticias\",\"Actualit\u00e9s 2019\"],\"inLanguage\":\"es\",\"potentialAction\":[{\"@type\":\"CommentAction\",\"name\":\"Comment\",\"target\":[\"https:\\\/\\\/www.afa-arbitrage.com\\\/es\\\/actualites-formation-ieam-2019\\\/#respond\"]}]},{\"@type\":\"WebPage\",\"@id\":\"https:\\\/\\\/www.afa-arbitrage.com\\\/es\\\/actualites-formation-ieam-2019\\\/\",\"url\":\"https:\\\/\\\/www.afa-arbitrage.com\\\/es\\\/actualites-formation-ieam-2019\\\/\",\"name\":\"Actualit\u00e9s en mati\u00e8re d'arbitrage - Formation IEAM 2019\",\"isPartOf\":{\"@id\":\"https:\\\/\\\/www.afa-arbitrage.com\\\/#website\"},\"datePublished\":\"2018-11-14T13:55:39+00:00\",\"dateModified\":\"2018-12-10T11:52:34+00:00\",\"description\":\"L'IEAM organise une formation sur les fondamentaux de la m\u00e9diation en 8 journ\u00e9es, d\u00e8s les 17 et 18 janvier 2019 \u00e0 Paris.\",\"breadcrumb\":{\"@id\":\"https:\\\/\\\/www.afa-arbitrage.com\\\/es\\\/actualites-formation-ieam-2019\\\/#breadcrumb\"},\"inLanguage\":\"es\",\"potentialAction\":[{\"@type\":\"ReadAction\",\"target\":[\"https:\\\/\\\/www.afa-arbitrage.com\\\/es\\\/actualites-formation-ieam-2019\\\/\"]}]},{\"@type\":\"BreadcrumbList\",\"@id\":\"https:\\\/\\\/www.afa-arbitrage.com\\\/es\\\/actualites-formation-ieam-2019\\\/#breadcrumb\",\"itemListElement\":[{\"@type\":\"ListItem\",\"position\":1,\"name\":\"Bienvenida\",\"item\":\"\\\/es\"},{\"@type\":\"ListItem\",\"position\":2,\"name\":\"> Formation \u00e0 la m\u00e9diation IEAM 2019\"}]},{\"@type\":\"WebSite\",\"@id\":\"https:\\\/\\\/www.afa-arbitrage.com\\\/#website\",\"url\":\"https:\\\/\\\/www.afa-arbitrage.com\\\/\",\"name\":\"Association Fran\u00e7aise d'Arbitrage\",\"description\":\"Arbitrage interne et international\",\"publisher\":{\"@id\":\"https:\\\/\\\/www.afa-arbitrage.com\\\/#organization\"},\"potentialAction\":[{\"@type\":\"SearchAction\",\"target\":{\"@type\":\"EntryPoint\",\"urlTemplate\":\"https:\\\/\\\/www.afa-arbitrage.com\\\/?s={search_term_string}\"},\"query-input\":{\"@type\":\"PropertyValueSpecification\",\"valueRequired\":true,\"valueName\":\"search_term_string\"}}],\"inLanguage\":\"es\"},{\"@type\":\"Organization\",\"@id\":\"https:\\\/\\\/www.afa-arbitrage.com\\\/#organization\",\"name\":\"Association Fran\u00e7aise d'Arbitrage\",\"url\":\"https:\\\/\\\/www.afa-arbitrage.com\\\/\",\"logo\":{\"@type\":\"ImageObject\",\"inLanguage\":\"es\",\"@id\":\"https:\\\/\\\/www.afa-arbitrage.com\\\/#\\\/schema\\\/logo\\\/image\\\/\",\"url\":\"https:\\\/\\\/www.afa-arbitrage.com\\\/wp-content\\\/uploads\\\/2023\\\/02\\\/AFA_logo_header_clear_long.png\",\"contentUrl\":\"https:\\\/\\\/www.afa-arbitrage.com\\\/wp-content\\\/uploads\\\/2023\\\/02\\\/AFA_logo_header_clear_long.png\",\"width\":500,\"height\":60,\"caption\":\"Association Fran\u00e7aise d'Arbitrage\"},\"image\":{\"@id\":\"https:\\\/\\\/www.afa-arbitrage.com\\\/#\\\/schema\\\/logo\\\/image\\\/\"}},{\"@type\":\"Person\",\"@id\":\"https:\\\/\\\/www.afa-arbitrage.com\\\/#\\\/schema\\\/person\\\/3d2970a9310ed8a4490a09ac041a3263\",\"name\":\"Sophie Chevron\",\"image\":{\"@type\":\"ImageObject\",\"inLanguage\":\"es\",\"@id\":\"https:\\\/\\\/secure.gravatar.com\\\/avatar\\\/9755f7353d9eefe1c717312669a47803b0463086d675bcd185a184effe042e88?s=96&d=mm&r=g\",\"url\":\"https:\\\/\\\/secure.gravatar.com\\\/avatar\\\/9755f7353d9eefe1c717312669a47803b0463086d675bcd185a184effe042e88?s=96&d=mm&r=g\",\"contentUrl\":\"https:\\\/\\\/secure.gravatar.com\\\/avatar\\\/9755f7353d9eefe1c717312669a47803b0463086d675bcd185a184effe042e88?s=96&d=mm&r=g\",\"caption\":\"Sophie Chevron\"},\"url\":\"https:\\\/\\\/www.afa-arbitrage.com\\\/es\\\/author\\\/s-chevron\\\/\"}]}<\/script>\n<!-- \/ Yoast SEO plugin. -->","yoast_head_json":{"title":"Actualit\u00e9s en mati\u00e8re d'arbitrage - Formation IEAM 2019","description":"L'IEAM organise une formation sur les fondamentaux de la m\u00e9diation en 8 journ\u00e9es, d\u00e8s les 17 et 18 janvier 2019 \u00e0 Paris.","robots":{"index":"index","follow":"follow","max-snippet":"max-snippet:-1","max-image-preview":"max-image-preview:large","max-video-preview":"max-video-preview:-1"},"canonical":"https:\/\/www.afa-arbitrage.com\/es\/actualites-formation-ieam-2019\/","og_locale":"es_ES","og_type":"article","og_title":"Actualit\u00e9s en mati\u00e8re d'arbitrage - Formation IEAM 2019","og_description":"L'IEAM organise une formation sur les fondamentaux de la m\u00e9diation en 8 journ\u00e9es, d\u00e8s les 17 et 18 janvier 2019 \u00e0 Paris.","og_url":"https:\/\/www.afa-arbitrage.com\/es\/actualites-formation-ieam-2019\/","og_site_name":"Association Fran\u00e7aise d&#039;Arbitrage","article_published_time":"2018-11-14T13:55:39+00:00","article_modified_time":"2018-12-10T11:52:34+00:00","author":"Sophie Chevron","twitter_card":"summary_large_image","twitter_misc":{"Escrito por":"Sophie Chevron"},"schema":{"@context":"https:\/\/schema.org","@graph":[{"@type":"Article","@id":"https:\/\/www.afa-arbitrage.com\/es\/actualites-formation-ieam-2019\/#article","isPartOf":{"@id":"https:\/\/www.afa-arbitrage.com\/es\/actualites-formation-ieam-2019\/"},"author":{"name":"Sophie Chevron","@id":"https:\/\/www.afa-arbitrage.com\/#\/schema\/person\/3d2970a9310ed8a4490a09ac041a3263"},"headline":"> Formation \u00e0 la m\u00e9diation IEAM 2019","datePublished":"2018-11-14T13:55:39+00:00","dateModified":"2018-12-10T11:52:34+00:00","mainEntityOfPage":{"@id":"https:\/\/www.afa-arbitrage.com\/es\/actualites-formation-ieam-2019\/"},"wordCount":39,"commentCount":0,"publisher":{"@id":"https:\/\/www.afa-arbitrage.com\/#organization"},"articleSection":["Noticias","Actualit\u00e9s 2019"],"inLanguage":"es","potentialAction":[{"@type":"CommentAction","name":"Comment","target":["https:\/\/www.afa-arbitrage.com\/es\/actualites-formation-ieam-2019\/#respond"]}]},{"@type":"WebPage","@id":"https:\/\/www.afa-arbitrage.com\/es\/actualites-formation-ieam-2019\/","url":"https:\/\/www.afa-arbitrage.com\/es\/actualites-formation-ieam-2019\/","name":"Actualit\u00e9s en mati\u00e8re d'arbitrage - Formation IEAM 2019","isPartOf":{"@id":"https:\/\/www.afa-arbitrage.com\/#website"},"datePublished":"2018-11-14T13:55:39+00:00","dateModified":"2018-12-10T11:52:34+00:00","description":"L'IEAM organise une formation sur les fondamentaux de la m\u00e9diation en 8 journ\u00e9es, d\u00e8s les 17 et 18 janvier 2019 \u00e0 Paris.","breadcrumb":{"@id":"https:\/\/www.afa-arbitrage.com\/es\/actualites-formation-ieam-2019\/#breadcrumb"},"inLanguage":"es","potentialAction":[{"@type":"ReadAction","target":["https:\/\/www.afa-arbitrage.com\/es\/actualites-formation-ieam-2019\/"]}]},{"@type":"BreadcrumbList","@id":"https:\/\/www.afa-arbitrage.com\/es\/actualites-formation-ieam-2019\/#breadcrumb","itemListElement":[{"@type":"ListItem","position":1,"name":"Bienvenida","item":"\/es"},{"@type":"ListItem","position":2,"name":"> Formation \u00e0 la m\u00e9diation IEAM 2019"}]},{"@type":"WebSite","@id":"https:\/\/www.afa-arbitrage.com\/#website","url":"https:\/\/www.afa-arbitrage.com\/","name":"Association Fran\u00e7aise d'Arbitrage","description":"Arbitrage interne et international","publisher":{"@id":"https:\/\/www.afa-arbitrage.com\/#organization"},"potentialAction":[{"@type":"SearchAction","target":{"@type":"EntryPoint","urlTemplate":"https:\/\/www.afa-arbitrage.com\/?s={search_term_string}"},"query-input":{"@type":"PropertyValueSpecification","valueRequired":true,"valueName":"search_term_string"}}],"inLanguage":"es"},{"@type":"Organization","@id":"https:\/\/www.afa-arbitrage.com\/#organization","name":"Association Fran\u00e7aise d'Arbitrage","url":"https:\/\/www.afa-arbitrage.com\/","logo":{"@type":"ImageObject","inLanguage":"es","@id":"https:\/\/www.afa-arbitrage.com\/#\/schema\/logo\/image\/","url":"https:\/\/www.afa-arbitrage.com\/wp-content\/uploads\/2023\/02\/AFA_logo_header_clear_long.png","contentUrl":"https:\/\/www.afa-arbitrage.com\/wp-content\/uploads\/2023\/02\/AFA_logo_header_clear_long.png","width":500,"height":60,"caption":"Association Fran\u00e7aise d'Arbitrage"},"image":{"@id":"https:\/\/www.afa-arbitrage.com\/#\/schema\/logo\/image\/"}},{"@type":"Person","@id":"https:\/\/www.afa-arbitrage.com\/#\/schema\/person\/3d2970a9310ed8a4490a09ac041a3263","name":"Sophie Chevron","image":{"@type":"ImageObject","inLanguage":"es","@id":"https:\/\/secure.gravatar.com\/avatar\/9755f7353d9eefe1c717312669a47803b0463086d675bcd185a184effe042e88?s=96&d=mm&r=g","url":"https:\/\/secure.gravatar.com\/avatar\/9755f7353d9eefe1c717312669a47803b0463086d675bcd185a184effe042e88?s=96&d=mm&r=g","contentUrl":"https:\/\/secure.gravatar.com\/avatar\/9755f7353d9eefe1c717312669a47803b0463086d675bcd185a184effe042e88?s=96&d=mm&r=g","caption":"Sophie Chevron"},"url":"https:\/\/www.afa-arbitrage.com\/es\/author\/s-chevron\/"}]}},"_links":{"self":[{"href":"https:\/\/www.afa-arbitrage.com\/es\/wp-json\/wp\/v2\/posts\/12691\/"}],"collection":[{"href":"https:\/\/www.afa-arbitrage.com\/es\/wp-json\/wp\/v2\/posts\/"}],"about":[{"href":"https:\/\/www.afa-arbitrage.com\/es\/wp-json\/wp\/v2\/types\/post\/"}],"author":[{"embeddable":true,"href":"https:\/\/www.afa-arbitrage.com\/es\/wp-json\/wp\/v2\/users\/6\/"}],"replies":[{"embeddable":true,"href":"https:\/\/www.afa-arbitrage.com\/es\/wp-json\/wp\/v2\/comments\/?post=12691"}],"version-history":[{"count":1,"href":"https:\/\/www.afa-arbitrage.com\/es\/wp-json\/wp\/v2\/posts\/12691\/revisions\/"}],"predecessor-version":[{"id":12697,"href":"https:\/\/www.afa-arbitrage.com\/es\/wp-json\/wp\/v2\/posts\/12691\/revisions\/12697\/"}],"wp:attachment":[{"href":"https:\/\/www.afa-arbitrage.com\/es\/wp-json\/wp\/v2\/media\/?parent=12691"}],"wp:term":[{"taxonomy":"category","embeddable":true,"href":"https:\/\/www.afa-arbitrage.com\/es\/wp-json\/wp\/v2\/categories\/?post=12691"},{"taxonomy":"post_tag","embeddable":true,"href":"https:\/\/www.afa-arbitrage.com\/es\/wp-json\/wp\/v2\/tags\/?post=12691"}],"curies":[{"name":"wp","href":"https:\/\/api.w.org\/{rel}","templated":true}]}}