{"id":10778,"date":"2017-12-03T23:50:02","date_gmt":"2017-12-03T22:50:02","guid":{"rendered":"https:\/\/www.afa-arbitrage.com\/actualites-4e-rencontres-arbitrage-et-contentieux-2018\/"},"modified":"2018-01-30T11:04:10","modified_gmt":"2018-01-30T10:04:10","slug":"actualites-4e-rencontres-arbitrage-et-contentieux-2018","status":"publish","type":"post","link":"https:\/\/www.afa-arbitrage.com\/es\/actualites-4e-rencontres-arbitrage-et-contentieux-2018\/","title":{"rendered":"> 4\u00e8mes Rencontres de l\u2019Arbitrage et du Contentieux"},"content":{"rendered":"<p style=\"text-align: justify; line-height: 150%;\">L\u2019 AFA est partenaire des 4\u00e8mes Rencontres de l\u2019Arbitrage et du Contentieux qui auront lieu le <strong>mardi 30 janvier \u00e0 Paris<\/strong>. Un \u00e9v\u00e9nement de place rassemblant, autour des dirigeants et directeurs juridiques des entreprises, tous les acteurs de l\u2019arbitrage, de la m\u00e9diation et du contentieux. Son Pr\u00e9sident Marc Henry interviendra lors de la pl\u00e9ni\u00e8re\u00a0\u00ab\u00a0Les nouveaux territoires de l\u2019arbitrage et leur impact sur la pratique\u00a0\u00bb. Pour d\u00e9couvrir le programme et b\u00e9n\u00e9ficier de l&#8217;expertise qui a \u00e9t\u00e9 r\u00e9unie, inscrivez-vous\u00a0gracieusement avant le 26 janvier en indiquant le\u00a0<strong>code de r\u00e9duction<\/strong><span style=\"color: #000000; font-family: lucida sans unicode, lucida grande, sans-serif;\">\u00a0<\/span><strong>AFA18.<\/strong><\/p>\n<p class=\"align-right\"><a href=\"http:\/\/www.optionfinance.fr\/index.php?id=5748\" target=\"_blank\" rel=\"noopener\"><span style=\"color: #c59725;\">Plus d&#8217;information ici<\/span><\/a><\/p>\n","protected":false},"excerpt":{"rendered":"<p>L\u2019 AFA est partenaire des 4\u00e8mes Rencontres de l\u2019Arbitrage et du Contentieux qui auront lieu le mardi 30 janvier \u00e0 Paris. Un \u00e9v\u00e9nement de place rassemblant, autour des dirigeants et directeurs juridiques des entreprises, tous les acteurs de l\u2019arbitrage, de la m\u00e9diation et du contentieux. Son Pr\u00e9sident Marc Henry interviendra lors de la pl\u00e9ni\u00e8re\u00a0\u00ab\u00a0Les nouveaux territoires de l\u2019arbitrage et leur impact sur la pratique\u00a0\u00bb. Pour d\u00e9couvrir le programme et b\u00e9n\u00e9ficier de l&#8217;expertise qui a \u00e9t\u00e9 r\u00e9unie, inscrivez-vous\u00a0gracieusement avant le 26 janvier en indiquant le\u00a0code de r\u00e9duction\u00a0AFA18. Plus d&#8217;information ici<\/p>\n","protected":false},"author":6,"featured_media":0,"comment_status":"open","ping_status":"open","sticky":false,"template":"","format":"standard","meta":{"_cbd_carousel_blocks":"[]","footnotes":""},"categories":[23,54],"tags":[],"class_list":["post-10778","post","type-post","status-publish","format-standard","hentry","category-noticias","category-actualites-2018-es","entry"],"yoast_head":"<!-- This site is optimized with the Yoast SEO plugin v27.3 - https:\/\/yoast.com\/product\/yoast-seo-wordpress\/ -->\n<title>Actualit\u00e9s en mati\u00e8re d&#039;arbitrage - Rencontres de l\u2019Arbitrage et du Contentieux<\/title>\n<meta name=\"description\" content=\"Actualit\u00e9s | L\u2019 AFA est partenaire des 4\u00e8mes Rencontres de l\u2019Arbitrage et du Contentieux qui auront lieu le mardi 30 janvier \u00e0 Paris : un \u00e9v\u00e9nement de place rassemblant dirigeants et directeurs juridiques d&#039;entreprise et acteurs de l\u2019arbitrage, de la m\u00e9diation et du contentieux.\" \/>\n<meta name=\"robots\" content=\"index, follow, max-snippet:-1, max-image-preview:large, max-video-preview:-1\" \/>\n<link rel=\"canonical\" href=\"https:\/\/www.afa-arbitrage.com\/es\/actualites-4e-rencontres-arbitrage-et-contentieux-2018\/\" \/>\n<meta property=\"og:locale\" content=\"es_ES\" \/>\n<meta property=\"og:type\" content=\"article\" \/>\n<meta property=\"og:title\" content=\"Actualit\u00e9s en mati\u00e8re d&#039;arbitrage - Rencontres de l\u2019Arbitrage et du Contentieux\" \/>\n<meta property=\"og:description\" content=\"Actualit\u00e9s | L\u2019 AFA est partenaire des 4\u00e8mes Rencontres de l\u2019Arbitrage et du Contentieux qui auront lieu le mardi 30 janvier \u00e0 Paris : un \u00e9v\u00e9nement de place rassemblant dirigeants et directeurs juridiques d&#039;entreprise et acteurs de l\u2019arbitrage, de la m\u00e9diation et du contentieux.\" \/>\n<meta property=\"og:url\" content=\"https:\/\/www.afa-arbitrage.com\/es\/actualites-4e-rencontres-arbitrage-et-contentieux-2018\/\" \/>\n<meta property=\"og:site_name\" content=\"Association Fran\u00e7aise d&#039;Arbitrage\" \/>\n<meta property=\"article:published_time\" content=\"2017-12-03T22:50:02+00:00\" \/>\n<meta property=\"article:modified_time\" content=\"2018-01-30T10:04:10+00:00\" \/>\n<meta name=\"author\" content=\"Sophie Chevron\" \/>\n<meta name=\"twitter:card\" content=\"summary_large_image\" \/>\n<meta name=\"twitter:label1\" content=\"Escrito por\" \/>\n\t<meta name=\"twitter:data1\" content=\"Sophie Chevron\" \/>\n\t<meta name=\"twitter:label2\" content=\"Tiempo de lectura\" \/>\n\t<meta name=\"twitter:data2\" content=\"1 minuto\" \/>\n<script type=\"application\/ld+json\" class=\"yoast-schema-graph\">{\"@context\":\"https:\\\/\\\/schema.org\",\"@graph\":[{\"@type\":\"Article\",\"@id\":\"https:\\\/\\\/www.afa-arbitrage.com\\\/es\\\/actualites-4e-rencontres-arbitrage-et-contentieux-2018\\\/#article\",\"isPartOf\":{\"@id\":\"https:\\\/\\\/www.afa-arbitrage.com\\\/es\\\/actualites-4e-rencontres-arbitrage-et-contentieux-2018\\\/\"},\"author\":{\"name\":\"Sophie Chevron\",\"@id\":\"https:\\\/\\\/www.afa-arbitrage.com\\\/#\\\/schema\\\/person\\\/3d2970a9310ed8a4490a09ac041a3263\"},\"headline\":\"> 4\u00e8mes Rencontres de l\u2019Arbitrage et du Contentieux\",\"datePublished\":\"2017-12-03T22:50:02+00:00\",\"dateModified\":\"2018-01-30T10:04:10+00:00\",\"mainEntityOfPage\":{\"@id\":\"https:\\\/\\\/www.afa-arbitrage.com\\\/es\\\/actualites-4e-rencontres-arbitrage-et-contentieux-2018\\\/\"},\"wordCount\":111,\"commentCount\":0,\"publisher\":{\"@id\":\"https:\\\/\\\/www.afa-arbitrage.com\\\/#organization\"},\"articleSection\":[\"Noticias\",\"Actualit\u00e9s 2018\"],\"inLanguage\":\"es\",\"potentialAction\":[{\"@type\":\"CommentAction\",\"name\":\"Comment\",\"target\":[\"https:\\\/\\\/www.afa-arbitrage.com\\\/es\\\/actualites-4e-rencontres-arbitrage-et-contentieux-2018\\\/#respond\"]}]},{\"@type\":\"WebPage\",\"@id\":\"https:\\\/\\\/www.afa-arbitrage.com\\\/es\\\/actualites-4e-rencontres-arbitrage-et-contentieux-2018\\\/\",\"url\":\"https:\\\/\\\/www.afa-arbitrage.com\\\/es\\\/actualites-4e-rencontres-arbitrage-et-contentieux-2018\\\/\",\"name\":\"Actualit\u00e9s en mati\u00e8re d'arbitrage - Rencontres de l\u2019Arbitrage et du Contentieux\",\"isPartOf\":{\"@id\":\"https:\\\/\\\/www.afa-arbitrage.com\\\/#website\"},\"datePublished\":\"2017-12-03T22:50:02+00:00\",\"dateModified\":\"2018-01-30T10:04:10+00:00\",\"description\":\"Actualit\u00e9s | L\u2019 AFA est partenaire des 4\u00e8mes Rencontres de l\u2019Arbitrage et du Contentieux qui auront lieu le mardi 30 janvier \u00e0 Paris : un \u00e9v\u00e9nement de place rassemblant dirigeants et directeurs juridiques d'entreprise et acteurs de l\u2019arbitrage, de la m\u00e9diation et du contentieux.\",\"breadcrumb\":{\"@id\":\"https:\\\/\\\/www.afa-arbitrage.com\\\/es\\\/actualites-4e-rencontres-arbitrage-et-contentieux-2018\\\/#breadcrumb\"},\"inLanguage\":\"es\",\"potentialAction\":[{\"@type\":\"ReadAction\",\"target\":[\"https:\\\/\\\/www.afa-arbitrage.com\\\/es\\\/actualites-4e-rencontres-arbitrage-et-contentieux-2018\\\/\"]}]},{\"@type\":\"BreadcrumbList\",\"@id\":\"https:\\\/\\\/www.afa-arbitrage.com\\\/es\\\/actualites-4e-rencontres-arbitrage-et-contentieux-2018\\\/#breadcrumb\",\"itemListElement\":[{\"@type\":\"ListItem\",\"position\":1,\"name\":\"Bienvenida\",\"item\":\"\\\/es\"},{\"@type\":\"ListItem\",\"position\":2,\"name\":\"> 4\u00e8mes Rencontres de l\u2019Arbitrage et du Contentieux\"}]},{\"@type\":\"WebSite\",\"@id\":\"https:\\\/\\\/www.afa-arbitrage.com\\\/#website\",\"url\":\"https:\\\/\\\/www.afa-arbitrage.com\\\/\",\"name\":\"Association Fran\u00e7aise d'Arbitrage\",\"description\":\"Arbitrage interne et international\",\"publisher\":{\"@id\":\"https:\\\/\\\/www.afa-arbitrage.com\\\/#organization\"},\"potentialAction\":[{\"@type\":\"SearchAction\",\"target\":{\"@type\":\"EntryPoint\",\"urlTemplate\":\"https:\\\/\\\/www.afa-arbitrage.com\\\/?s={search_term_string}\"},\"query-input\":{\"@type\":\"PropertyValueSpecification\",\"valueRequired\":true,\"valueName\":\"search_term_string\"}}],\"inLanguage\":\"es\"},{\"@type\":\"Organization\",\"@id\":\"https:\\\/\\\/www.afa-arbitrage.com\\\/#organization\",\"name\":\"Association Fran\u00e7aise d'Arbitrage\",\"url\":\"https:\\\/\\\/www.afa-arbitrage.com\\\/\",\"logo\":{\"@type\":\"ImageObject\",\"inLanguage\":\"es\",\"@id\":\"https:\\\/\\\/www.afa-arbitrage.com\\\/#\\\/schema\\\/logo\\\/image\\\/\",\"url\":\"https:\\\/\\\/www.afa-arbitrage.com\\\/wp-content\\\/uploads\\\/2023\\\/02\\\/AFA_logo_header_clear_long.png\",\"contentUrl\":\"https:\\\/\\\/www.afa-arbitrage.com\\\/wp-content\\\/uploads\\\/2023\\\/02\\\/AFA_logo_header_clear_long.png\",\"width\":500,\"height\":60,\"caption\":\"Association Fran\u00e7aise d'Arbitrage\"},\"image\":{\"@id\":\"https:\\\/\\\/www.afa-arbitrage.com\\\/#\\\/schema\\\/logo\\\/image\\\/\"}},{\"@type\":\"Person\",\"@id\":\"https:\\\/\\\/www.afa-arbitrage.com\\\/#\\\/schema\\\/person\\\/3d2970a9310ed8a4490a09ac041a3263\",\"name\":\"Sophie Chevron\",\"image\":{\"@type\":\"ImageObject\",\"inLanguage\":\"es\",\"@id\":\"https:\\\/\\\/secure.gravatar.com\\\/avatar\\\/9755f7353d9eefe1c717312669a47803b0463086d675bcd185a184effe042e88?s=96&d=mm&r=g\",\"url\":\"https:\\\/\\\/secure.gravatar.com\\\/avatar\\\/9755f7353d9eefe1c717312669a47803b0463086d675bcd185a184effe042e88?s=96&d=mm&r=g\",\"contentUrl\":\"https:\\\/\\\/secure.gravatar.com\\\/avatar\\\/9755f7353d9eefe1c717312669a47803b0463086d675bcd185a184effe042e88?s=96&d=mm&r=g\",\"caption\":\"Sophie Chevron\"},\"url\":\"https:\\\/\\\/www.afa-arbitrage.com\\\/es\\\/author\\\/s-chevron\\\/\"}]}<\/script>\n<!-- \/ Yoast SEO plugin. -->","yoast_head_json":{"title":"Actualit\u00e9s en mati\u00e8re d'arbitrage - Rencontres de l\u2019Arbitrage et du Contentieux","description":"Actualit\u00e9s | L\u2019 AFA est partenaire des 4\u00e8mes Rencontres de l\u2019Arbitrage et du Contentieux qui auront lieu le mardi 30 janvier \u00e0 Paris : un \u00e9v\u00e9nement de place rassemblant dirigeants et directeurs juridiques d'entreprise et acteurs de l\u2019arbitrage, de la m\u00e9diation et du contentieux.","robots":{"index":"index","follow":"follow","max-snippet":"max-snippet:-1","max-image-preview":"max-image-preview:large","max-video-preview":"max-video-preview:-1"},"canonical":"https:\/\/www.afa-arbitrage.com\/es\/actualites-4e-rencontres-arbitrage-et-contentieux-2018\/","og_locale":"es_ES","og_type":"article","og_title":"Actualit\u00e9s en mati\u00e8re d'arbitrage - Rencontres de l\u2019Arbitrage et du Contentieux","og_description":"Actualit\u00e9s | L\u2019 AFA est partenaire des 4\u00e8mes Rencontres de l\u2019Arbitrage et du Contentieux qui auront lieu le mardi 30 janvier \u00e0 Paris : un \u00e9v\u00e9nement de place rassemblant dirigeants et directeurs juridiques d'entreprise et acteurs de l\u2019arbitrage, de la m\u00e9diation et du contentieux.","og_url":"https:\/\/www.afa-arbitrage.com\/es\/actualites-4e-rencontres-arbitrage-et-contentieux-2018\/","og_site_name":"Association Fran\u00e7aise d&#039;Arbitrage","article_published_time":"2017-12-03T22:50:02+00:00","article_modified_time":"2018-01-30T10:04:10+00:00","author":"Sophie Chevron","twitter_card":"summary_large_image","twitter_misc":{"Escrito por":"Sophie Chevron","Tiempo de lectura":"1 minuto"},"schema":{"@context":"https:\/\/schema.org","@graph":[{"@type":"Article","@id":"https:\/\/www.afa-arbitrage.com\/es\/actualites-4e-rencontres-arbitrage-et-contentieux-2018\/#article","isPartOf":{"@id":"https:\/\/www.afa-arbitrage.com\/es\/actualites-4e-rencontres-arbitrage-et-contentieux-2018\/"},"author":{"name":"Sophie Chevron","@id":"https:\/\/www.afa-arbitrage.com\/#\/schema\/person\/3d2970a9310ed8a4490a09ac041a3263"},"headline":"> 4\u00e8mes Rencontres de l\u2019Arbitrage et du Contentieux","datePublished":"2017-12-03T22:50:02+00:00","dateModified":"2018-01-30T10:04:10+00:00","mainEntityOfPage":{"@id":"https:\/\/www.afa-arbitrage.com\/es\/actualites-4e-rencontres-arbitrage-et-contentieux-2018\/"},"wordCount":111,"commentCount":0,"publisher":{"@id":"https:\/\/www.afa-arbitrage.com\/#organization"},"articleSection":["Noticias","Actualit\u00e9s 2018"],"inLanguage":"es","potentialAction":[{"@type":"CommentAction","name":"Comment","target":["https:\/\/www.afa-arbitrage.com\/es\/actualites-4e-rencontres-arbitrage-et-contentieux-2018\/#respond"]}]},{"@type":"WebPage","@id":"https:\/\/www.afa-arbitrage.com\/es\/actualites-4e-rencontres-arbitrage-et-contentieux-2018\/","url":"https:\/\/www.afa-arbitrage.com\/es\/actualites-4e-rencontres-arbitrage-et-contentieux-2018\/","name":"Actualit\u00e9s en mati\u00e8re d'arbitrage - Rencontres de l\u2019Arbitrage et du Contentieux","isPartOf":{"@id":"https:\/\/www.afa-arbitrage.com\/#website"},"datePublished":"2017-12-03T22:50:02+00:00","dateModified":"2018-01-30T10:04:10+00:00","description":"Actualit\u00e9s | L\u2019 AFA est partenaire des 4\u00e8mes Rencontres de l\u2019Arbitrage et du Contentieux qui auront lieu le mardi 30 janvier \u00e0 Paris : un \u00e9v\u00e9nement de place rassemblant dirigeants et directeurs juridiques d'entreprise et acteurs de l\u2019arbitrage, de la m\u00e9diation et du contentieux.","breadcrumb":{"@id":"https:\/\/www.afa-arbitrage.com\/es\/actualites-4e-rencontres-arbitrage-et-contentieux-2018\/#breadcrumb"},"inLanguage":"es","potentialAction":[{"@type":"ReadAction","target":["https:\/\/www.afa-arbitrage.com\/es\/actualites-4e-rencontres-arbitrage-et-contentieux-2018\/"]}]},{"@type":"BreadcrumbList","@id":"https:\/\/www.afa-arbitrage.com\/es\/actualites-4e-rencontres-arbitrage-et-contentieux-2018\/#breadcrumb","itemListElement":[{"@type":"ListItem","position":1,"name":"Bienvenida","item":"\/es"},{"@type":"ListItem","position":2,"name":"> 4\u00e8mes Rencontres de l\u2019Arbitrage et du Contentieux"}]},{"@type":"WebSite","@id":"https:\/\/www.afa-arbitrage.com\/#website","url":"https:\/\/www.afa-arbitrage.com\/","name":"Association Fran\u00e7aise d'Arbitrage","description":"Arbitrage interne et international","publisher":{"@id":"https:\/\/www.afa-arbitrage.com\/#organization"},"potentialAction":[{"@type":"SearchAction","target":{"@type":"EntryPoint","urlTemplate":"https:\/\/www.afa-arbitrage.com\/?s={search_term_string}"},"query-input":{"@type":"PropertyValueSpecification","valueRequired":true,"valueName":"search_term_string"}}],"inLanguage":"es"},{"@type":"Organization","@id":"https:\/\/www.afa-arbitrage.com\/#organization","name":"Association Fran\u00e7aise d'Arbitrage","url":"https:\/\/www.afa-arbitrage.com\/","logo":{"@type":"ImageObject","inLanguage":"es","@id":"https:\/\/www.afa-arbitrage.com\/#\/schema\/logo\/image\/","url":"https:\/\/www.afa-arbitrage.com\/wp-content\/uploads\/2023\/02\/AFA_logo_header_clear_long.png","contentUrl":"https:\/\/www.afa-arbitrage.com\/wp-content\/uploads\/2023\/02\/AFA_logo_header_clear_long.png","width":500,"height":60,"caption":"Association Fran\u00e7aise d'Arbitrage"},"image":{"@id":"https:\/\/www.afa-arbitrage.com\/#\/schema\/logo\/image\/"}},{"@type":"Person","@id":"https:\/\/www.afa-arbitrage.com\/#\/schema\/person\/3d2970a9310ed8a4490a09ac041a3263","name":"Sophie Chevron","image":{"@type":"ImageObject","inLanguage":"es","@id":"https:\/\/secure.gravatar.com\/avatar\/9755f7353d9eefe1c717312669a47803b0463086d675bcd185a184effe042e88?s=96&d=mm&r=g","url":"https:\/\/secure.gravatar.com\/avatar\/9755f7353d9eefe1c717312669a47803b0463086d675bcd185a184effe042e88?s=96&d=mm&r=g","contentUrl":"https:\/\/secure.gravatar.com\/avatar\/9755f7353d9eefe1c717312669a47803b0463086d675bcd185a184effe042e88?s=96&d=mm&r=g","caption":"Sophie Chevron"},"url":"https:\/\/www.afa-arbitrage.com\/es\/author\/s-chevron\/"}]}},"_links":{"self":[{"href":"https:\/\/www.afa-arbitrage.com\/es\/wp-json\/wp\/v2\/posts\/10778\/"}],"collection":[{"href":"https:\/\/www.afa-arbitrage.com\/es\/wp-json\/wp\/v2\/posts\/"}],"about":[{"href":"https:\/\/www.afa-arbitrage.com\/es\/wp-json\/wp\/v2\/types\/post\/"}],"author":[{"embeddable":true,"href":"https:\/\/www.afa-arbitrage.com\/es\/wp-json\/wp\/v2\/users\/6\/"}],"replies":[{"embeddable":true,"href":"https:\/\/www.afa-arbitrage.com\/es\/wp-json\/wp\/v2\/comments\/?post=10778"}],"version-history":[{"count":1,"href":"https:\/\/www.afa-arbitrage.com\/es\/wp-json\/wp\/v2\/posts\/10778\/revisions\/"}],"predecessor-version":[{"id":10779,"href":"https:\/\/www.afa-arbitrage.com\/es\/wp-json\/wp\/v2\/posts\/10778\/revisions\/10779\/"}],"wp:attachment":[{"href":"https:\/\/www.afa-arbitrage.com\/es\/wp-json\/wp\/v2\/media\/?parent=10778"}],"wp:term":[{"taxonomy":"category","embeddable":true,"href":"https:\/\/www.afa-arbitrage.com\/es\/wp-json\/wp\/v2\/categories\/?post=10778"},{"taxonomy":"post_tag","embeddable":true,"href":"https:\/\/www.afa-arbitrage.com\/es\/wp-json\/wp\/v2\/tags\/?post=10778"}],"curies":[{"name":"wp","href":"https:\/\/api.w.org\/{rel}","templated":true}]}}