{"id":5186,"date":"2015-04-27T23:31:25","date_gmt":"2015-04-27T22:31:25","guid":{"rendered":"https:\/\/www.afa-arbitrage.com\/?p=5186"},"modified":"2015-04-27T23:53:34","modified_gmt":"2015-04-27T22:53:34","slug":"vii-conferencia-latinoamericana-de-arbitraje-2015","status":"publish","type":"post","link":"https:\/\/www.afa-arbitrage.com\/en\/vii-conferencia-latinoamericana-de-arbitraje-2015\/","title":{"rendered":"> VII Conferencia Latinoamericana de Arbitraje 2015"},"content":{"rendered":"<p><span class=\"transpan\"><span id=\"tran0\">This year, the Latin American Conference on the Arbitration (LCA) will take place, under the scientific direction of Misters Diego P Fern\u00e1ndez ARROYO, Jo\u00e3o BOSCO LEE and Jos\u00e9 A. MORENO RODRIGUEZ, <strong>on June 18th and 19th, 2015 to Curitiba in Brazil.<\/strong> The LCA gathers many actors of the international arbitration of South America.<\/span><\/span><\/p>\n<p><a href=\"http:\/\/www.clarbitraje.com\/v2\/\" target=\"_blank\"><span id=\"tran1\">Read more.<\/span><\/a><\/p>\n","protected":false},"excerpt":{"rendered":"<p>This year, the Latin American Conference on the Arbitration (LCA) will take place, under the scientific direction of Misters Diego P Fern\u00e1ndez ARROYO, Jo\u00e3o BOSCO LEE and Jos\u00e9 A. MORENO RODRIGUEZ, on June 18th and 19th, 2015 to Curitiba in Brazil. The LCA gathers many actors of the international arbitration of South America. Read more.<\/p>\n","protected":false},"author":6,"featured_media":0,"comment_status":"open","ping_status":"open","sticky":false,"template":"","format":"standard","meta":{"_cbd_carousel_blocks":"[]","footnotes":""},"categories":[67],"tags":[],"class_list":["post-5186","post","type-post","status-publish","format-standard","hentry","category-actualites-en","entry"],"yoast_head":"<!-- This site is optimized with the Yoast SEO plugin v27.3 - https:\/\/yoast.com\/product\/yoast-seo-wordpress\/ -->\n<title>VII Conferencia Latinoamericana de Arbitraje 2015<\/title>\n<meta name=\"description\" content=\"This year, the Latin American Conference on the Arbitration (LCA) will take place on June 18th and 19th, 2015 to Curitiba in Brazil.\" \/>\n<meta name=\"robots\" content=\"index, follow, max-snippet:-1, max-image-preview:large, max-video-preview:-1\" \/>\n<link rel=\"canonical\" href=\"https:\/\/www.afa-arbitrage.com\/en\/vii-conferencia-latinoamericana-de-arbitraje-2015\/\" \/>\n<meta property=\"og:locale\" content=\"en_US\" \/>\n<meta property=\"og:type\" content=\"article\" \/>\n<meta property=\"og:title\" content=\"VII Conferencia Latinoamericana de Arbitraje 2015\" \/>\n<meta property=\"og:description\" content=\"This year, the Latin American Conference on the Arbitration (LCA) will take place on June 18th and 19th, 2015 to Curitiba in Brazil.\" \/>\n<meta property=\"og:url\" content=\"https:\/\/www.afa-arbitrage.com\/en\/vii-conferencia-latinoamericana-de-arbitraje-2015\/\" \/>\n<meta property=\"og:site_name\" content=\"Association Fran\u00e7aise d&#039;Arbitrage\" \/>\n<meta property=\"article:published_time\" content=\"2015-04-27T22:31:25+00:00\" \/>\n<meta property=\"article:modified_time\" content=\"2015-04-27T22:53:34+00:00\" \/>\n<meta name=\"author\" content=\"Sophie Chevron\" \/>\n<meta name=\"twitter:card\" content=\"summary_large_image\" \/>\n<meta name=\"twitter:label1\" content=\"Written by\" \/>\n\t<meta name=\"twitter:data1\" content=\"Sophie Chevron\" \/>\n<script type=\"application\/ld+json\" class=\"yoast-schema-graph\">{\"@context\":\"https:\\\/\\\/schema.org\",\"@graph\":[{\"@type\":\"Article\",\"@id\":\"https:\\\/\\\/www.afa-arbitrage.com\\\/en\\\/vii-conferencia-latinoamericana-de-arbitraje-2015\\\/#article\",\"isPartOf\":{\"@id\":\"https:\\\/\\\/www.afa-arbitrage.com\\\/en\\\/vii-conferencia-latinoamericana-de-arbitraje-2015\\\/\"},\"author\":{\"name\":\"Sophie Chevron\",\"@id\":\"https:\\\/\\\/www.afa-arbitrage.com\\\/#\\\/schema\\\/person\\\/3d2970a9310ed8a4490a09ac041a3263\"},\"headline\":\"> VII Conferencia Latinoamericana de Arbitraje 2015\",\"datePublished\":\"2015-04-27T22:31:25+00:00\",\"dateModified\":\"2015-04-27T22:53:34+00:00\",\"mainEntityOfPage\":{\"@id\":\"https:\\\/\\\/www.afa-arbitrage.com\\\/en\\\/vii-conferencia-latinoamericana-de-arbitraje-2015\\\/\"},\"wordCount\":61,\"commentCount\":0,\"publisher\":{\"@id\":\"https:\\\/\\\/www.afa-arbitrage.com\\\/#organization\"},\"articleSection\":[\"Actualit\u00e9s\"],\"inLanguage\":\"en-US\",\"potentialAction\":[{\"@type\":\"CommentAction\",\"name\":\"Comment\",\"target\":[\"https:\\\/\\\/www.afa-arbitrage.com\\\/en\\\/vii-conferencia-latinoamericana-de-arbitraje-2015\\\/#respond\"]}]},{\"@type\":\"WebPage\",\"@id\":\"https:\\\/\\\/www.afa-arbitrage.com\\\/en\\\/vii-conferencia-latinoamericana-de-arbitraje-2015\\\/\",\"url\":\"https:\\\/\\\/www.afa-arbitrage.com\\\/en\\\/vii-conferencia-latinoamericana-de-arbitraje-2015\\\/\",\"name\":\"VII Conferencia Latinoamericana de Arbitraje 2015\",\"isPartOf\":{\"@id\":\"https:\\\/\\\/www.afa-arbitrage.com\\\/#website\"},\"datePublished\":\"2015-04-27T22:31:25+00:00\",\"dateModified\":\"2015-04-27T22:53:34+00:00\",\"description\":\"This year, the Latin American Conference on the Arbitration (LCA) will take place on June 18th and 19th, 2015 to Curitiba in Brazil.\",\"breadcrumb\":{\"@id\":\"https:\\\/\\\/www.afa-arbitrage.com\\\/en\\\/vii-conferencia-latinoamericana-de-arbitraje-2015\\\/#breadcrumb\"},\"inLanguage\":\"en-US\",\"potentialAction\":[{\"@type\":\"ReadAction\",\"target\":[\"https:\\\/\\\/www.afa-arbitrage.com\\\/en\\\/vii-conferencia-latinoamericana-de-arbitraje-2015\\\/\"]}]},{\"@type\":\"BreadcrumbList\",\"@id\":\"https:\\\/\\\/www.afa-arbitrage.com\\\/en\\\/vii-conferencia-latinoamericana-de-arbitraje-2015\\\/#breadcrumb\",\"itemListElement\":[{\"@type\":\"ListItem\",\"position\":1,\"name\":\"Home\",\"item\":\"\\\/en\"},{\"@type\":\"ListItem\",\"position\":2,\"name\":\"> VII Conferencia Latinoamericana de Arbitraje 2015\"}]},{\"@type\":\"WebSite\",\"@id\":\"https:\\\/\\\/www.afa-arbitrage.com\\\/#website\",\"url\":\"https:\\\/\\\/www.afa-arbitrage.com\\\/\",\"name\":\"Association Fran\u00e7aise d'Arbitrage\",\"description\":\"Arbitrage interne et international\",\"publisher\":{\"@id\":\"https:\\\/\\\/www.afa-arbitrage.com\\\/#organization\"},\"potentialAction\":[{\"@type\":\"SearchAction\",\"target\":{\"@type\":\"EntryPoint\",\"urlTemplate\":\"https:\\\/\\\/www.afa-arbitrage.com\\\/?s={search_term_string}\"},\"query-input\":{\"@type\":\"PropertyValueSpecification\",\"valueRequired\":true,\"valueName\":\"search_term_string\"}}],\"inLanguage\":\"en-US\"},{\"@type\":\"Organization\",\"@id\":\"https:\\\/\\\/www.afa-arbitrage.com\\\/#organization\",\"name\":\"Association Fran\u00e7aise d'Arbitrage\",\"url\":\"https:\\\/\\\/www.afa-arbitrage.com\\\/\",\"logo\":{\"@type\":\"ImageObject\",\"inLanguage\":\"en-US\",\"@id\":\"https:\\\/\\\/www.afa-arbitrage.com\\\/#\\\/schema\\\/logo\\\/image\\\/\",\"url\":\"https:\\\/\\\/www.afa-arbitrage.com\\\/wp-content\\\/uploads\\\/2023\\\/02\\\/AFA_logo_header_clear_long.png\",\"contentUrl\":\"https:\\\/\\\/www.afa-arbitrage.com\\\/wp-content\\\/uploads\\\/2023\\\/02\\\/AFA_logo_header_clear_long.png\",\"width\":500,\"height\":60,\"caption\":\"Association Fran\u00e7aise d'Arbitrage\"},\"image\":{\"@id\":\"https:\\\/\\\/www.afa-arbitrage.com\\\/#\\\/schema\\\/logo\\\/image\\\/\"}},{\"@type\":\"Person\",\"@id\":\"https:\\\/\\\/www.afa-arbitrage.com\\\/#\\\/schema\\\/person\\\/3d2970a9310ed8a4490a09ac041a3263\",\"name\":\"Sophie Chevron\",\"image\":{\"@type\":\"ImageObject\",\"inLanguage\":\"en-US\",\"@id\":\"https:\\\/\\\/secure.gravatar.com\\\/avatar\\\/9755f7353d9eefe1c717312669a47803b0463086d675bcd185a184effe042e88?s=96&d=mm&r=g\",\"url\":\"https:\\\/\\\/secure.gravatar.com\\\/avatar\\\/9755f7353d9eefe1c717312669a47803b0463086d675bcd185a184effe042e88?s=96&d=mm&r=g\",\"contentUrl\":\"https:\\\/\\\/secure.gravatar.com\\\/avatar\\\/9755f7353d9eefe1c717312669a47803b0463086d675bcd185a184effe042e88?s=96&d=mm&r=g\",\"caption\":\"Sophie Chevron\"},\"url\":\"https:\\\/\\\/www.afa-arbitrage.com\\\/en\\\/author\\\/s-chevron\\\/\"}]}<\/script>\n<!-- \/ Yoast SEO plugin. -->","yoast_head_json":{"title":"VII Conferencia Latinoamericana de Arbitraje 2015","description":"This year, the Latin American Conference on the Arbitration (LCA) will take place on June 18th and 19th, 2015 to Curitiba in Brazil.","robots":{"index":"index","follow":"follow","max-snippet":"max-snippet:-1","max-image-preview":"max-image-preview:large","max-video-preview":"max-video-preview:-1"},"canonical":"https:\/\/www.afa-arbitrage.com\/en\/vii-conferencia-latinoamericana-de-arbitraje-2015\/","og_locale":"en_US","og_type":"article","og_title":"VII Conferencia Latinoamericana de Arbitraje 2015","og_description":"This year, the Latin American Conference on the Arbitration (LCA) will take place on June 18th and 19th, 2015 to Curitiba in Brazil.","og_url":"https:\/\/www.afa-arbitrage.com\/en\/vii-conferencia-latinoamericana-de-arbitraje-2015\/","og_site_name":"Association Fran\u00e7aise d&#039;Arbitrage","article_published_time":"2015-04-27T22:31:25+00:00","article_modified_time":"2015-04-27T22:53:34+00:00","author":"Sophie Chevron","twitter_card":"summary_large_image","twitter_misc":{"Written by":"Sophie Chevron"},"schema":{"@context":"https:\/\/schema.org","@graph":[{"@type":"Article","@id":"https:\/\/www.afa-arbitrage.com\/en\/vii-conferencia-latinoamericana-de-arbitraje-2015\/#article","isPartOf":{"@id":"https:\/\/www.afa-arbitrage.com\/en\/vii-conferencia-latinoamericana-de-arbitraje-2015\/"},"author":{"name":"Sophie Chevron","@id":"https:\/\/www.afa-arbitrage.com\/#\/schema\/person\/3d2970a9310ed8a4490a09ac041a3263"},"headline":"> VII Conferencia Latinoamericana de Arbitraje 2015","datePublished":"2015-04-27T22:31:25+00:00","dateModified":"2015-04-27T22:53:34+00:00","mainEntityOfPage":{"@id":"https:\/\/www.afa-arbitrage.com\/en\/vii-conferencia-latinoamericana-de-arbitraje-2015\/"},"wordCount":61,"commentCount":0,"publisher":{"@id":"https:\/\/www.afa-arbitrage.com\/#organization"},"articleSection":["Actualit\u00e9s"],"inLanguage":"en-US","potentialAction":[{"@type":"CommentAction","name":"Comment","target":["https:\/\/www.afa-arbitrage.com\/en\/vii-conferencia-latinoamericana-de-arbitraje-2015\/#respond"]}]},{"@type":"WebPage","@id":"https:\/\/www.afa-arbitrage.com\/en\/vii-conferencia-latinoamericana-de-arbitraje-2015\/","url":"https:\/\/www.afa-arbitrage.com\/en\/vii-conferencia-latinoamericana-de-arbitraje-2015\/","name":"VII Conferencia Latinoamericana de Arbitraje 2015","isPartOf":{"@id":"https:\/\/www.afa-arbitrage.com\/#website"},"datePublished":"2015-04-27T22:31:25+00:00","dateModified":"2015-04-27T22:53:34+00:00","description":"This year, the Latin American Conference on the Arbitration (LCA) will take place on June 18th and 19th, 2015 to Curitiba in Brazil.","breadcrumb":{"@id":"https:\/\/www.afa-arbitrage.com\/en\/vii-conferencia-latinoamericana-de-arbitraje-2015\/#breadcrumb"},"inLanguage":"en-US","potentialAction":[{"@type":"ReadAction","target":["https:\/\/www.afa-arbitrage.com\/en\/vii-conferencia-latinoamericana-de-arbitraje-2015\/"]}]},{"@type":"BreadcrumbList","@id":"https:\/\/www.afa-arbitrage.com\/en\/vii-conferencia-latinoamericana-de-arbitraje-2015\/#breadcrumb","itemListElement":[{"@type":"ListItem","position":1,"name":"Home","item":"\/en"},{"@type":"ListItem","position":2,"name":"> VII Conferencia Latinoamericana de Arbitraje 2015"}]},{"@type":"WebSite","@id":"https:\/\/www.afa-arbitrage.com\/#website","url":"https:\/\/www.afa-arbitrage.com\/","name":"Association Fran\u00e7aise d'Arbitrage","description":"Arbitrage interne et international","publisher":{"@id":"https:\/\/www.afa-arbitrage.com\/#organization"},"potentialAction":[{"@type":"SearchAction","target":{"@type":"EntryPoint","urlTemplate":"https:\/\/www.afa-arbitrage.com\/?s={search_term_string}"},"query-input":{"@type":"PropertyValueSpecification","valueRequired":true,"valueName":"search_term_string"}}],"inLanguage":"en-US"},{"@type":"Organization","@id":"https:\/\/www.afa-arbitrage.com\/#organization","name":"Association Fran\u00e7aise d'Arbitrage","url":"https:\/\/www.afa-arbitrage.com\/","logo":{"@type":"ImageObject","inLanguage":"en-US","@id":"https:\/\/www.afa-arbitrage.com\/#\/schema\/logo\/image\/","url":"https:\/\/www.afa-arbitrage.com\/wp-content\/uploads\/2023\/02\/AFA_logo_header_clear_long.png","contentUrl":"https:\/\/www.afa-arbitrage.com\/wp-content\/uploads\/2023\/02\/AFA_logo_header_clear_long.png","width":500,"height":60,"caption":"Association Fran\u00e7aise d'Arbitrage"},"image":{"@id":"https:\/\/www.afa-arbitrage.com\/#\/schema\/logo\/image\/"}},{"@type":"Person","@id":"https:\/\/www.afa-arbitrage.com\/#\/schema\/person\/3d2970a9310ed8a4490a09ac041a3263","name":"Sophie Chevron","image":{"@type":"ImageObject","inLanguage":"en-US","@id":"https:\/\/secure.gravatar.com\/avatar\/9755f7353d9eefe1c717312669a47803b0463086d675bcd185a184effe042e88?s=96&d=mm&r=g","url":"https:\/\/secure.gravatar.com\/avatar\/9755f7353d9eefe1c717312669a47803b0463086d675bcd185a184effe042e88?s=96&d=mm&r=g","contentUrl":"https:\/\/secure.gravatar.com\/avatar\/9755f7353d9eefe1c717312669a47803b0463086d675bcd185a184effe042e88?s=96&d=mm&r=g","caption":"Sophie Chevron"},"url":"https:\/\/www.afa-arbitrage.com\/en\/author\/s-chevron\/"}]}},"_links":{"self":[{"href":"https:\/\/www.afa-arbitrage.com\/en\/wp-json\/wp\/v2\/posts\/5186\/"}],"collection":[{"href":"https:\/\/www.afa-arbitrage.com\/en\/wp-json\/wp\/v2\/posts\/"}],"about":[{"href":"https:\/\/www.afa-arbitrage.com\/en\/wp-json\/wp\/v2\/types\/post\/"}],"author":[{"embeddable":true,"href":"https:\/\/www.afa-arbitrage.com\/en\/wp-json\/wp\/v2\/users\/6\/"}],"replies":[{"embeddable":true,"href":"https:\/\/www.afa-arbitrage.com\/en\/wp-json\/wp\/v2\/comments\/?post=5186"}],"version-history":[{"count":0,"href":"https:\/\/www.afa-arbitrage.com\/en\/wp-json\/wp\/v2\/posts\/5186\/revisions\/"}],"wp:attachment":[{"href":"https:\/\/www.afa-arbitrage.com\/en\/wp-json\/wp\/v2\/media\/?parent=5186"}],"wp:term":[{"taxonomy":"category","embeddable":true,"href":"https:\/\/www.afa-arbitrage.com\/en\/wp-json\/wp\/v2\/categories\/?post=5186"},{"taxonomy":"post_tag","embeddable":true,"href":"https:\/\/www.afa-arbitrage.com\/en\/wp-json\/wp\/v2\/tags\/?post=5186"}],"curies":[{"name":"wp","href":"https:\/\/api.w.org\/{rel}","templated":true}]}}