{"id":2793,"date":"2014-07-16T21:37:25","date_gmt":"2014-07-16T20:37:25","guid":{"rendered":"https:\/\/www.afa-arbitrage.com\/?p=2793"},"modified":"2015-01-10T20:10:39","modified_gmt":"2015-01-10T19:10:39","slug":"afa-s-conference-september-22th-2014","status":"publish","type":"post","link":"https:\/\/www.afa-arbitrage.com\/en\/afa-s-conference-september-22th-2014\/","title":{"rendered":"> A.F.A.&#8217;s Conference &#8211; September 22th, 2014"},"content":{"rendered":"<p>Our annual conference will take place on Monday September 22th, 2014 at 6:pm at H\u00f4tel des Arts et M\u00e9tiers &#8211; 9 avenue d&#8217;I\u00e9na Paris 16. Mr. Thomas Clay,\u00a0Professor at the University of Versailles\u00a0 will present &#8220;<strong>The co-arbitrator<\/strong>&#8220;.<\/p>\n<p>Registration\u00a0: <a title=\"contact@afa-arbitrage.com\" href=\"mailto:contact@afa-arbitrage.com\" target=\"_blank\">contact@afa-arbitrage.com<\/a> \u2013 T\u00e9l: 01 53 77 24 31<\/p>\n","protected":false},"excerpt":{"rendered":"<p>Our annual conference will take place on Monday September 22th, 2014 at 6:pm at H\u00f4tel des Arts et M\u00e9tiers &#8211; 9 avenue d&#8217;I\u00e9na Paris 16. Mr. Thomas Clay,\u00a0Professor at the University of Versailles\u00a0 will present &#8220;The co-arbitrator&#8220;. Registration\u00a0: contact@afa-arbitrage.com \u2013 T\u00e9l: 01 53 77 24 31<\/p>\n","protected":false},"author":6,"featured_media":0,"comment_status":"open","ping_status":"open","sticky":false,"template":"","format":"standard","meta":{"_cbd_carousel_blocks":"[]","footnotes":""},"categories":[18,28],"tags":[],"class_list":["post-2793","post","type-post","status-publish","format-standard","hentry","category-news","category-news-2014","entry"],"yoast_head":"<!-- This site is optimized with the Yoast SEO plugin v27.3 - https:\/\/yoast.com\/product\/yoast-seo-wordpress\/ -->\n<title>A.F.A.&#039;s Conference September 22th, 2014<\/title>\n<meta name=\"robots\" content=\"index, follow, max-snippet:-1, max-image-preview:large, max-video-preview:-1\" \/>\n<link rel=\"canonical\" href=\"https:\/\/www.afa-arbitrage.com\/en\/afa-s-conference-september-22th-2014\/\" \/>\n<meta property=\"og:locale\" content=\"en_US\" \/>\n<meta property=\"og:type\" content=\"article\" \/>\n<meta property=\"og:title\" content=\"A.F.A.&#039;s Conference September 22th, 2014\" \/>\n<meta property=\"og:description\" content=\"Our annual conference will take place on Monday September 22th, 2014 at 6:pm at H\u00f4tel des Arts et M\u00e9tiers &#8211; 9 avenue d&#8217;I\u00e9na Paris 16. Mr. Thomas Clay,\u00a0Professor at the University of Versailles\u00a0 will present &#8220;The co-arbitrator&#8220;. Registration\u00a0: contact@afa-arbitrage.com \u2013 T\u00e9l: 01 53 77 24 31\" \/>\n<meta property=\"og:url\" content=\"https:\/\/www.afa-arbitrage.com\/en\/afa-s-conference-september-22th-2014\/\" \/>\n<meta property=\"og:site_name\" content=\"Association Fran\u00e7aise d&#039;Arbitrage\" \/>\n<meta property=\"article:published_time\" content=\"2014-07-16T20:37:25+00:00\" \/>\n<meta property=\"article:modified_time\" content=\"2015-01-10T19:10:39+00:00\" \/>\n<meta name=\"author\" content=\"Sophie Chevron\" \/>\n<meta name=\"twitter:card\" content=\"summary_large_image\" \/>\n<meta name=\"twitter:label1\" content=\"Written by\" \/>\n\t<meta name=\"twitter:data1\" content=\"Sophie Chevron\" \/>\n<script type=\"application\/ld+json\" class=\"yoast-schema-graph\">{\"@context\":\"https:\\\/\\\/schema.org\",\"@graph\":[{\"@type\":\"Article\",\"@id\":\"https:\\\/\\\/www.afa-arbitrage.com\\\/en\\\/afa-s-conference-september-22th-2014\\\/#article\",\"isPartOf\":{\"@id\":\"https:\\\/\\\/www.afa-arbitrage.com\\\/en\\\/afa-s-conference-september-22th-2014\\\/\"},\"author\":{\"name\":\"Sophie Chevron\",\"@id\":\"https:\\\/\\\/www.afa-arbitrage.com\\\/#\\\/schema\\\/person\\\/3d2970a9310ed8a4490a09ac041a3263\"},\"headline\":\"> A.F.A.&#8217;s Conference &#8211; September 22th, 2014\",\"datePublished\":\"2014-07-16T20:37:25+00:00\",\"dateModified\":\"2015-01-10T19:10:39+00:00\",\"mainEntityOfPage\":{\"@id\":\"https:\\\/\\\/www.afa-arbitrage.com\\\/en\\\/afa-s-conference-september-22th-2014\\\/\"},\"wordCount\":52,\"commentCount\":0,\"publisher\":{\"@id\":\"https:\\\/\\\/www.afa-arbitrage.com\\\/#organization\"},\"articleSection\":[\"News\",\"News 2014\"],\"inLanguage\":\"en-US\",\"potentialAction\":[{\"@type\":\"CommentAction\",\"name\":\"Comment\",\"target\":[\"https:\\\/\\\/www.afa-arbitrage.com\\\/en\\\/afa-s-conference-september-22th-2014\\\/#respond\"]}]},{\"@type\":\"WebPage\",\"@id\":\"https:\\\/\\\/www.afa-arbitrage.com\\\/en\\\/afa-s-conference-september-22th-2014\\\/\",\"url\":\"https:\\\/\\\/www.afa-arbitrage.com\\\/en\\\/afa-s-conference-september-22th-2014\\\/\",\"name\":\"A.F.A.'s Conference September 22th, 2014\",\"isPartOf\":{\"@id\":\"https:\\\/\\\/www.afa-arbitrage.com\\\/#website\"},\"datePublished\":\"2014-07-16T20:37:25+00:00\",\"dateModified\":\"2015-01-10T19:10:39+00:00\",\"breadcrumb\":{\"@id\":\"https:\\\/\\\/www.afa-arbitrage.com\\\/en\\\/afa-s-conference-september-22th-2014\\\/#breadcrumb\"},\"inLanguage\":\"en-US\",\"potentialAction\":[{\"@type\":\"ReadAction\",\"target\":[\"https:\\\/\\\/www.afa-arbitrage.com\\\/en\\\/afa-s-conference-september-22th-2014\\\/\"]}]},{\"@type\":\"BreadcrumbList\",\"@id\":\"https:\\\/\\\/www.afa-arbitrage.com\\\/en\\\/afa-s-conference-september-22th-2014\\\/#breadcrumb\",\"itemListElement\":[{\"@type\":\"ListItem\",\"position\":1,\"name\":\"Home\",\"item\":\"\\\/en\"},{\"@type\":\"ListItem\",\"position\":2,\"name\":\"> A.F.A.&#8217;s Conference &#8211; September 22th, 2014\"}]},{\"@type\":\"WebSite\",\"@id\":\"https:\\\/\\\/www.afa-arbitrage.com\\\/#website\",\"url\":\"https:\\\/\\\/www.afa-arbitrage.com\\\/\",\"name\":\"Association Fran\u00e7aise d'Arbitrage\",\"description\":\"Arbitrage interne et international\",\"publisher\":{\"@id\":\"https:\\\/\\\/www.afa-arbitrage.com\\\/#organization\"},\"potentialAction\":[{\"@type\":\"SearchAction\",\"target\":{\"@type\":\"EntryPoint\",\"urlTemplate\":\"https:\\\/\\\/www.afa-arbitrage.com\\\/?s={search_term_string}\"},\"query-input\":{\"@type\":\"PropertyValueSpecification\",\"valueRequired\":true,\"valueName\":\"search_term_string\"}}],\"inLanguage\":\"en-US\"},{\"@type\":\"Organization\",\"@id\":\"https:\\\/\\\/www.afa-arbitrage.com\\\/#organization\",\"name\":\"Association Fran\u00e7aise d'Arbitrage\",\"url\":\"https:\\\/\\\/www.afa-arbitrage.com\\\/\",\"logo\":{\"@type\":\"ImageObject\",\"inLanguage\":\"en-US\",\"@id\":\"https:\\\/\\\/www.afa-arbitrage.com\\\/#\\\/schema\\\/logo\\\/image\\\/\",\"url\":\"https:\\\/\\\/www.afa-arbitrage.com\\\/wp-content\\\/uploads\\\/2023\\\/02\\\/AFA_logo_header_clear_long.png\",\"contentUrl\":\"https:\\\/\\\/www.afa-arbitrage.com\\\/wp-content\\\/uploads\\\/2023\\\/02\\\/AFA_logo_header_clear_long.png\",\"width\":500,\"height\":60,\"caption\":\"Association Fran\u00e7aise d'Arbitrage\"},\"image\":{\"@id\":\"https:\\\/\\\/www.afa-arbitrage.com\\\/#\\\/schema\\\/logo\\\/image\\\/\"}},{\"@type\":\"Person\",\"@id\":\"https:\\\/\\\/www.afa-arbitrage.com\\\/#\\\/schema\\\/person\\\/3d2970a9310ed8a4490a09ac041a3263\",\"name\":\"Sophie Chevron\",\"image\":{\"@type\":\"ImageObject\",\"inLanguage\":\"en-US\",\"@id\":\"https:\\\/\\\/secure.gravatar.com\\\/avatar\\\/9755f7353d9eefe1c717312669a47803b0463086d675bcd185a184effe042e88?s=96&d=mm&r=g\",\"url\":\"https:\\\/\\\/secure.gravatar.com\\\/avatar\\\/9755f7353d9eefe1c717312669a47803b0463086d675bcd185a184effe042e88?s=96&d=mm&r=g\",\"contentUrl\":\"https:\\\/\\\/secure.gravatar.com\\\/avatar\\\/9755f7353d9eefe1c717312669a47803b0463086d675bcd185a184effe042e88?s=96&d=mm&r=g\",\"caption\":\"Sophie Chevron\"},\"url\":\"https:\\\/\\\/www.afa-arbitrage.com\\\/en\\\/author\\\/s-chevron\\\/\"}]}<\/script>\n<!-- \/ Yoast SEO plugin. -->","yoast_head_json":{"title":"A.F.A.'s Conference September 22th, 2014","robots":{"index":"index","follow":"follow","max-snippet":"max-snippet:-1","max-image-preview":"max-image-preview:large","max-video-preview":"max-video-preview:-1"},"canonical":"https:\/\/www.afa-arbitrage.com\/en\/afa-s-conference-september-22th-2014\/","og_locale":"en_US","og_type":"article","og_title":"A.F.A.'s Conference September 22th, 2014","og_description":"Our annual conference will take place on Monday September 22th, 2014 at 6:pm at H\u00f4tel des Arts et M\u00e9tiers &#8211; 9 avenue d&#8217;I\u00e9na Paris 16. Mr. Thomas Clay,\u00a0Professor at the University of Versailles\u00a0 will present &#8220;The co-arbitrator&#8220;. Registration\u00a0: contact@afa-arbitrage.com \u2013 T\u00e9l: 01 53 77 24 31","og_url":"https:\/\/www.afa-arbitrage.com\/en\/afa-s-conference-september-22th-2014\/","og_site_name":"Association Fran\u00e7aise d&#039;Arbitrage","article_published_time":"2014-07-16T20:37:25+00:00","article_modified_time":"2015-01-10T19:10:39+00:00","author":"Sophie Chevron","twitter_card":"summary_large_image","twitter_misc":{"Written by":"Sophie Chevron"},"schema":{"@context":"https:\/\/schema.org","@graph":[{"@type":"Article","@id":"https:\/\/www.afa-arbitrage.com\/en\/afa-s-conference-september-22th-2014\/#article","isPartOf":{"@id":"https:\/\/www.afa-arbitrage.com\/en\/afa-s-conference-september-22th-2014\/"},"author":{"name":"Sophie Chevron","@id":"https:\/\/www.afa-arbitrage.com\/#\/schema\/person\/3d2970a9310ed8a4490a09ac041a3263"},"headline":"> A.F.A.&#8217;s Conference &#8211; September 22th, 2014","datePublished":"2014-07-16T20:37:25+00:00","dateModified":"2015-01-10T19:10:39+00:00","mainEntityOfPage":{"@id":"https:\/\/www.afa-arbitrage.com\/en\/afa-s-conference-september-22th-2014\/"},"wordCount":52,"commentCount":0,"publisher":{"@id":"https:\/\/www.afa-arbitrage.com\/#organization"},"articleSection":["News","News 2014"],"inLanguage":"en-US","potentialAction":[{"@type":"CommentAction","name":"Comment","target":["https:\/\/www.afa-arbitrage.com\/en\/afa-s-conference-september-22th-2014\/#respond"]}]},{"@type":"WebPage","@id":"https:\/\/www.afa-arbitrage.com\/en\/afa-s-conference-september-22th-2014\/","url":"https:\/\/www.afa-arbitrage.com\/en\/afa-s-conference-september-22th-2014\/","name":"A.F.A.'s Conference September 22th, 2014","isPartOf":{"@id":"https:\/\/www.afa-arbitrage.com\/#website"},"datePublished":"2014-07-16T20:37:25+00:00","dateModified":"2015-01-10T19:10:39+00:00","breadcrumb":{"@id":"https:\/\/www.afa-arbitrage.com\/en\/afa-s-conference-september-22th-2014\/#breadcrumb"},"inLanguage":"en-US","potentialAction":[{"@type":"ReadAction","target":["https:\/\/www.afa-arbitrage.com\/en\/afa-s-conference-september-22th-2014\/"]}]},{"@type":"BreadcrumbList","@id":"https:\/\/www.afa-arbitrage.com\/en\/afa-s-conference-september-22th-2014\/#breadcrumb","itemListElement":[{"@type":"ListItem","position":1,"name":"Home","item":"\/en"},{"@type":"ListItem","position":2,"name":"> A.F.A.&#8217;s Conference &#8211; September 22th, 2014"}]},{"@type":"WebSite","@id":"https:\/\/www.afa-arbitrage.com\/#website","url":"https:\/\/www.afa-arbitrage.com\/","name":"Association Fran\u00e7aise d'Arbitrage","description":"Arbitrage interne et international","publisher":{"@id":"https:\/\/www.afa-arbitrage.com\/#organization"},"potentialAction":[{"@type":"SearchAction","target":{"@type":"EntryPoint","urlTemplate":"https:\/\/www.afa-arbitrage.com\/?s={search_term_string}"},"query-input":{"@type":"PropertyValueSpecification","valueRequired":true,"valueName":"search_term_string"}}],"inLanguage":"en-US"},{"@type":"Organization","@id":"https:\/\/www.afa-arbitrage.com\/#organization","name":"Association Fran\u00e7aise d'Arbitrage","url":"https:\/\/www.afa-arbitrage.com\/","logo":{"@type":"ImageObject","inLanguage":"en-US","@id":"https:\/\/www.afa-arbitrage.com\/#\/schema\/logo\/image\/","url":"https:\/\/www.afa-arbitrage.com\/wp-content\/uploads\/2023\/02\/AFA_logo_header_clear_long.png","contentUrl":"https:\/\/www.afa-arbitrage.com\/wp-content\/uploads\/2023\/02\/AFA_logo_header_clear_long.png","width":500,"height":60,"caption":"Association Fran\u00e7aise d'Arbitrage"},"image":{"@id":"https:\/\/www.afa-arbitrage.com\/#\/schema\/logo\/image\/"}},{"@type":"Person","@id":"https:\/\/www.afa-arbitrage.com\/#\/schema\/person\/3d2970a9310ed8a4490a09ac041a3263","name":"Sophie Chevron","image":{"@type":"ImageObject","inLanguage":"en-US","@id":"https:\/\/secure.gravatar.com\/avatar\/9755f7353d9eefe1c717312669a47803b0463086d675bcd185a184effe042e88?s=96&d=mm&r=g","url":"https:\/\/secure.gravatar.com\/avatar\/9755f7353d9eefe1c717312669a47803b0463086d675bcd185a184effe042e88?s=96&d=mm&r=g","contentUrl":"https:\/\/secure.gravatar.com\/avatar\/9755f7353d9eefe1c717312669a47803b0463086d675bcd185a184effe042e88?s=96&d=mm&r=g","caption":"Sophie Chevron"},"url":"https:\/\/www.afa-arbitrage.com\/en\/author\/s-chevron\/"}]}},"_links":{"self":[{"href":"https:\/\/www.afa-arbitrage.com\/en\/wp-json\/wp\/v2\/posts\/2793\/"}],"collection":[{"href":"https:\/\/www.afa-arbitrage.com\/en\/wp-json\/wp\/v2\/posts\/"}],"about":[{"href":"https:\/\/www.afa-arbitrage.com\/en\/wp-json\/wp\/v2\/types\/post\/"}],"author":[{"embeddable":true,"href":"https:\/\/www.afa-arbitrage.com\/en\/wp-json\/wp\/v2\/users\/6\/"}],"replies":[{"embeddable":true,"href":"https:\/\/www.afa-arbitrage.com\/en\/wp-json\/wp\/v2\/comments\/?post=2793"}],"version-history":[{"count":0,"href":"https:\/\/www.afa-arbitrage.com\/en\/wp-json\/wp\/v2\/posts\/2793\/revisions\/"}],"wp:attachment":[{"href":"https:\/\/www.afa-arbitrage.com\/en\/wp-json\/wp\/v2\/media\/?parent=2793"}],"wp:term":[{"taxonomy":"category","embeddable":true,"href":"https:\/\/www.afa-arbitrage.com\/en\/wp-json\/wp\/v2\/categories\/?post=2793"},{"taxonomy":"post_tag","embeddable":true,"href":"https:\/\/www.afa-arbitrage.com\/en\/wp-json\/wp\/v2\/tags\/?post=2793"}],"curies":[{"name":"wp","href":"https:\/\/api.w.org\/{rel}","templated":true}]}}